{"id":256,"date":"2025-04-12T18:05:10","date_gmt":"2025-04-12T15:05:10","guid":{"rendered":"https:\/\/crabsmedia.com.tr\/mc_ahdclinicc\/?p=256"},"modified":"2025-11-25T17:31:11","modified_gmt":"2025-11-25T14:31:11","slug":"sakaldan-sac-ekimi","status":"publish","type":"post","link":"http:\/\/hairtransplantationbeforeafter.com\/tr\/sakaldan-sac-ekimi\/","title":{"rendered":"Sakaldan Sa\u00e7 Ekimi ve Sonu\u00e7lar"},"content":{"rendered":"\n<p><span style=\"font-weight: 400;\">Don\u00f6r b\u00f6lge olarak ense sa\u00e7lar\u0131n\u0131n t\u00fckendi\u011fi ya da yetersiz kald\u0131\u011f\u0131 durumda sakaldan sa\u00e7 ekimi m\u00fckemmel bir alternatif kaynakt\u0131r. B\u00f6yle bir durumda iki temel v\u00fccut k\u0131l\u0131 bize yard\u0131mc\u0131 olabilir. Bunlar;<\/span><\/p>\n\n\n\n<ol class=\"wp-block-list\">\n<li><strong>Sakal k\u0131llar\u0131:<\/strong> En \u00e7ok kulland\u0131\u011f\u0131m\u0131z yedek don\u00f6r b\u00f6lge sakald\u0131r. Klini\u011fimizde ortalama 5-6 ki\u015fiden birinde sakaldan sa\u00e7 ekimi yap\u0131lmaktad\u0131r.<\/li>\n\n\n\n<li><strong>G\u00f6\u011f\u00fcs ve di\u011fer v\u00fccut k\u0131llar\u0131:&nbsp;<\/strong>Ne yaz\u0131k ki her 100 hastadan sadece 5\u2019inde g\u00f6\u011f\u00fcs k\u0131llar\u0131, sa\u00e7 ekimi i\u00e7in uygun olmaktad\u0131r.<\/li>\n<\/ol>\n\n\n\n<div id=\"ez-toc-container\" class=\"ez-toc-v2_0_78 counter-hierarchy ez-toc-counter ez-toc-grey ez-toc-container-direction\">\n<div class=\"ez-toc-title-container\">\n<p class=\"ez-toc-title\" style=\"cursor:inherit\">Table of Contents<\/p>\n<span class=\"ez-toc-title-toggle\"><a href=\"#\" class=\"ez-toc-pull-right ez-toc-btn ez-toc-btn-xs ez-toc-btn-default ez-toc-toggle\" aria-label=\"Toggle Table of Content\"><span class=\"ez-toc-js-icon-con\"><span class=\"\"><span class=\"eztoc-hide\" style=\"display:none;\">Toggle<\/span><span class=\"ez-toc-icon-toggle-span\"><svg style=\"fill: #999;color:#999\" xmlns=\"http:\/\/www.w3.org\/2000\/svg\" class=\"list-377408\" width=\"20px\" height=\"20px\" viewBox=\"0 0 24 24\" fill=\"none\"><path d=\"M6 6H4v2h2V6zm14 0H8v2h12V6zM4 11h2v2H4v-2zm16 0H8v2h12v-2zM4 16h2v2H4v-2zm16 0H8v2h12v-2z\" fill=\"currentColor\"><\/path><\/svg><svg style=\"fill: #999;color:#999\" class=\"arrow-unsorted-368013\" xmlns=\"http:\/\/www.w3.org\/2000\/svg\" width=\"10px\" height=\"10px\" viewBox=\"0 0 24 24\" version=\"1.2\" baseProfile=\"tiny\"><path d=\"M18.2 9.3l-6.2-6.3-6.2 6.3c-.2.2-.3.4-.3.7s.1.5.3.7c.2.2.4.3.7.3h11c.3 0 .5-.1.7-.3.2-.2.3-.5.3-.7s-.1-.5-.3-.7zM5.8 14.7l6.2 6.3 6.2-6.3c.2-.2.3-.5.3-.7s-.1-.5-.3-.7c-.2-.2-.4-.3-.7-.3h-11c-.3 0-.5.1-.7.3-.2.2-.3.5-.3.7s.1.5.3.7z\"\/><\/svg><\/span><\/span><\/span><\/a><\/span><\/div>\n<nav><ul class='ez-toc-list ez-toc-list-level-1 eztoc-toggle-hide-by-default' ><li class='ez-toc-page-1 ez-toc-heading-level-2'><a class=\"ez-toc-link ez-toc-heading-1\" href=\"http:\/\/hairtransplantationbeforeafter.com\/tr\/sakaldan-sac-ekimi\/#Sakaldan_sac_ekimi_nedir\" >Sakaldan sa\u00e7 ekimi nedir?<\/a><\/li><li class='ez-toc-page-1 ez-toc-heading-level-2'><a class=\"ez-toc-link ez-toc-heading-2\" href=\"http:\/\/hairtransplantationbeforeafter.com\/tr\/sakaldan-sac-ekimi\/#Sik_Sorulan_Sorular\" >S\u0131k Sorulan Sorular<\/a><\/li><\/ul><\/nav><\/div>\n<h2 class=\"wp-block-heading\"><span class=\"ez-toc-section\" id=\"Sakaldan_sac_ekimi_nedir\"><\/span>Sakaldan sa\u00e7 ekimi nedir?<span class=\"ez-toc-section-end\"><\/span><\/h2>\n\n\n\n<p>\u00d6zel durumlarda don\u00f6r b\u00f6lge olarak sa\u00e7 yerine sakal k\u0131llar\u0131 FUE tekni\u011fiyle toplanabilir. Toplanan bu sakal greftlerinin kafadaki sa\u00e7s\u0131z ya da seyrek olan b\u00f6lgelere transfer edilmesine sakaldan sa\u00e7 ekimi ad\u0131 verilmektedir. Uygulamadaki temel hedefimiz kafadaki g\u00f6r\u00fcnen sa\u00e7 miktar\u0131n\u0131 ve yo\u011funlu\u011funu artt\u0131rmakt\u0131r. FUE y\u00f6ntemi ilerledik\u00e7e sakal k\u0131llar\u0131ndan sa\u00e7 ekimi uygulamas\u0131 da artm\u0131\u015ft\u0131r.<\/p>\n\n\n\n<h3 class=\"wp-block-heading\">Sakaldan sa\u00e7 ekimi olur mu ve yap\u0131labilir mi?<\/h3>\n\n\n\n<p>AHD klinikte Dr. Hakan Do\u011fanay taraf\u0131ndan uzun y\u0131llard\u0131r sakaldan sa\u00e7 ekimi yap\u0131lmaktad\u0131r. Bunu izleyece\u011finiz Youtube videosunun yay\u0131n tarihine bakarak g\u00f6rebilirsiniz. Videonun yay\u0131n tarihi 2010 y\u0131l\u0131d\u0131r. Uygun olan ki\u015filerde bu uygulama ile olduk\u00e7a iyi sonu\u00e7lar al\u0131nabilir. Klini\u011fimizde ortalama 5-6 ki\u015fiden birsinde sakal k\u00f6kleri sa\u00e7 ekiminde kullan\u0131lmaktad\u0131r.<\/p>\n\n\n\n<h3 class=\"wp-block-heading\">Sakal k\u0131llar\u0131 sa\u00e7 ekiminde hangi durumlarda kullan\u0131l\u0131r?<\/h3>\n\n\n\n<ul class=\"wp-block-list\">\n<li><strong>Norwood 6-7 gibi geni\u015f kelliklerde:<\/strong> Kafa arkas\u0131ndaki sa\u00e7lar muhtemelen sa\u00e7s\u0131z b\u00f6lgeyi kapatmak i\u00e7in yetersiz gelecektir. \u00c7\u00fcnk\u00fc b\u00f6ylesine geni\u015f kelle\u015fmi\u015f b\u00f6lge i\u00e7in en az 8000 greft gerekecektir. Bu y\u00fcksek say\u0131y\u0131 sadece sa\u00e7l\u0131 don\u00f6r b\u00f6lgeden elde etmek her zaman m\u00fcmk\u00fcn de\u011fildir. B\u00f6yle bir durumda sakaldan kafaya sa\u00e7 nakli olduk\u00e7a mant\u0131kl\u0131 bir \u00e7\u00f6z\u00fcmd\u00fcr.<\/li>\n\n\n\n<li><strong>\u0130kinci seans sa\u00e7 ekimi:&nbsp;<\/strong>\u0130lk operasyonda don\u00f6r b\u00f6lge sa\u00e7lar\u0131 bilin\u00e7sizce t\u00fcketilmi\u015f ve don\u00f6r kalmam\u0131\u015f olabilir. \u0130\u015fte bu durumda sakal ve g\u00f6\u011f\u00fcs k\u0131llar\u0131ndan faydalanmak m\u00fcmk\u00fcnd\u00fcr.<\/li>\n\n\n\n<li><strong>Sa\u00e7l\u0131 don\u00f6r b\u00f6lgeye yap\u0131lacak d\u00fczeltme i\u015flemi<\/strong>:&nbsp;\u00d6nceden yap\u0131lan FUE sa\u00e7 ekiminde, don\u00f6r b\u00f6lgeden a\u015f\u0131r\u0131 miktarda sa\u00e7 al\u0131m\u0131 yap\u0131lm\u0131\u015fsa, bu alanda g\u00f6r\u00fcnt\u00fc bozuklu\u011fu olabilir. Ense b\u00f6lgesinin onar\u0131m\u0131nda sakal k\u0131llar\u0131 kullan\u0131larak ba\u015far\u0131l\u0131 sonu\u00e7lar elde etmek m\u00fcmk\u00fcnd\u00fcr.<\/li>\n\n\n\n<li><strong>FUT ve di\u011fer yara izi onar\u0131m\u0131:<\/strong>&nbsp;FUT ve di\u011fer ameliyat izlerinin kapat\u0131lmas\u0131nda sakal k\u0131llar\u0131ndan sa\u00e7 ekimi olduk\u00e7a avantajl\u0131d\u0131r.<\/li>\n<\/ul>\n\n\n\n<h3 class=\"wp-block-heading\">Sa\u00e7 ekiminde sakal kullanman\u0131n avantajlar\u0131 nelerdir?<\/h3>\n\n\n\n<ul class=\"wp-block-list\">\n<li>Anagen faz\u0131 s\u00fcresi a\u00e7\u0131s\u0131ndan sa\u00e7 k\u00f6klerine en yak\u0131n olan v\u00fccut k\u0131l\u0131 sakald\u0131r. Ba\u015fka bir deyi\u015fle nakil yap\u0131lan sakallar d\u00f6k\u00fclmeye kar\u015f\u0131 olduk\u00e7a diren\u00e7lidir. dolay\u0131s\u0131yla ekilen sakal k\u0131llar\u0131n\u0131n \u00f6mr\u00fc olduk\u00e7a uzundur. <\/li>\n\n\n\n<li>Sa\u00e7 k\u00f6klerine g\u00f6re sakallar daha kal\u0131n ve serttir. Dolay\u0131s\u0131yla hedef al\u0131c\u0131 b\u00f6lgede kapatma yo\u011funlu\u011fu ve hacim art\u0131\u015f\u0131 a\u00e7\u0131s\u0131ndan avantajl\u0131d\u0131r. Zaten hastalar\u0131n iste\u011fi da kafas\u0131ndaki sa\u00e7 miktar\u0131n\u0131n daha fazla olmas\u0131d\u0131r.<\/li>\n\n\n\n<li>Di\u011fer v\u00fccut k\u0131llar\u0131na g\u00f6re nakil yap\u0131lan alanda, sakal k\u00f6klerinin tutma \u015fans\u0131 daha fazlad\u0131r.<\/li>\n\n\n\n<li>A\u015f\u0131r\u0131 sakal s\u0131kl\u0131\u011f\u0131ndan \u015fikayet\u00e7i olanlarda, sakaldan al\u0131p sa\u00e7a ekim yap\u0131l\u0131rsa sakal b\u00f6lgesinde k\u0131smi ve homojen bir seyrelme olacakt\u0131r. Dolay\u0131s\u0131yla epilasyon ile sakal seyreltmek isteyenlerde kal\u0131c\u0131 ve etkili bir \u00e7\u00f6z\u00fcmd\u00fcr.<\/li>\n<\/ul>\n\n\n\n<h3 class=\"wp-block-heading\">Sakaldan Sa\u00e7 Ekimi Nas\u0131l Yap\u0131l\u0131r?<\/h3>\n\n\n\n<p>Bu i\u015flemin geleneksel sa\u00e7 ekiminden tek fark\u0131 don\u00f6r alan olarak ense sa\u00e7lar\u0131 yerine, sakal kullan\u0131lmas\u0131d\u0131r. Tabi ki greft al\u0131m a\u015famas\u0131n\u0131n kendine g\u00f6re uzmanl\u0131k gerektiren \u00f6zel p\u00fcf noktalar\u0131 vard\u0131r. Sakaldan yap\u0131lan sa\u00e7 ekimi 4 a\u015famada tamamlan\u0131r. \u015eimdi bu a\u015famalar\u0131 k\u0131saca inceleyelim.<\/p>\n\n\n\n<p>1) <strong>Haz\u0131rl\u0131k a\u015famas\u0131<\/strong><\/p>\n\n\n\n<p>Sakal b\u00f6lgesinden greftlerin toplanmas\u0131 \u00f6ncesinde al\u0131m yap\u0131lacak b\u00f6lge bir boya kalemiyle i\u015faretlenerek \u00e7izilir. Daha sonra antiseptik sol\u00fcsyonla dezenfekte edilir. Temizlenen alana lokal anestezi yap\u0131larak uyu\u015fturulur. Ama\u00e7 greft lal\u0131m\u0131 s\u0131ras\u0131nda hastan\u0131n ac\u0131 duymamas\u0131d\u0131r. Lokal anestezi sonras\u0131nda dil ve dudak \u00e7evresinde 3-4 saat s\u00fcren ge\u00e7ici his kayb\u0131 olabilir. Bu anesteziye ba\u011fl\u0131 normal bir durumdur ve birka\u00e7 saat i\u00e7erisinde kendili\u011finden ge\u00e7er.<\/p>\n\n\n\n<p>2) <strong>Greft toplama:<\/strong><\/p>\n\n\n\n<figure class=\"wp-block-image size-full\"><img loading=\"lazy\" decoding=\"async\" width=\"750\" height=\"500\" src=\"http:\/\/hairtransplantationbeforeafter.com\/wp-content\/uploads\/2025\/04\/sakal_killarindan_sac_ekimi.webp\" alt=\"sakal k\u0131llar\u0131ndan sa\u00e7 ekimi i\u00e7in kullan\u0131lan greftler\" class=\"wp-image-16295\" srcset=\"http:\/\/hairtransplantationbeforeafter.com\/wp-content\/uploads\/2025\/04\/sakal_killarindan_sac_ekimi.webp 750w, http:\/\/hairtransplantationbeforeafter.com\/wp-content\/uploads\/2025\/04\/sakal_killarindan_sac_ekimi-300x200.webp 300w\" sizes=\"auto, (max-width: 750px) 100vw, 750px\" \/><\/figure>\n\n\n\n<p>Lokal anestezi sonras\u0131nda sakal greftleri FUE y\u00f6ntemiyle tek tek toplan\u0131r. Hedef olarak \u00e7ene ve bo\u011faz b\u00f6lgesindeki k\u0131llar tercih edilir. Ayr\u0131ca ikinci se\u00e7enek olarak yanak ve elmac\u0131k kemi\u011fi b\u00f6lgesindeki k\u00f6kler de don\u00f6r olarak kullan\u0131labilir. Toplama i\u015flemi manuel ya da mikro motor kullan\u0131larak yap\u0131labilir. Bu a\u015faman\u0131n daha h\u0131zl\u0131 bitmesi gerekti\u011fi i\u00e7in, biz mikromotor kullanmay\u0131 tercih ediyoruz. 0,7-0.75 mm \u00e7ap\u0131ndaki punch kullanmak iz kalmamas\u0131 i\u00e7in idealdir. Daha geni\u015f punch kullan\u0131m\u0131nda al\u0131m yap\u0131lan b\u00f6lgede iz kalma olas\u0131l\u0131\u011f\u0131 artacakt\u0131r.<\/p>\n\n\n\n<p><strong>Sakal greftleri \u00e7\u0131kart\u0131l\u0131rken dikkat edilmesi gerekenler<\/strong><\/p>\n\n\n\n<p><span style=\"font-weight: 400;\">Greft al\u0131m\u0131 s\u0131ras\u0131nda yap\u0131lan hatalardan dolay\u0131 y\u00fcz b\u00f6lgesinde \u015fekil bozuklu\u011fu ya da hedeflenen greft say\u0131s\u0131nda d\u00fc\u015f\u00fc\u015f olabilir. Greft al\u0131m\u0131 s\u0131ras\u0131nda a\u015fa\u011f\u0131daki p\u00fcf noktalar\u0131na uyulmal\u0131d\u0131r.<\/span><\/p>\n\n\n\n<ul class=\"wp-block-list\">\n<li>Sakal derisi olduk\u00e7a yumu\u015fak ve hareketlidir. Greft al\u0131m\u0131 s\u0131ras\u0131nda cerraha yard\u0131mc\u0131 olmas\u0131 i\u00e7in mutlaka bir asistan bulunmas\u0131 gerekir. Asistan\u0131n g\u00f6revi hareketli olan deriyi gerdirmektir. Yeterli gerdirme yap\u0131lmad\u0131\u011f\u0131 takdirde sa\u011fl\u0131kl\u0131 greft \u00e7\u0131karma olas\u0131l\u0131\u011f\u0131 d\u00fc\u015fecektir.<\/li>\n\n\n\n<li>2 milimetrelik derinli\u011fe girildikten sonra gerdirilmi\u015f deriden sakal greftleri kolayl\u0131kla \u00e7\u0131kart\u0131labilir. Daha fazla derinli\u011fe girilmesine gerek yoktur. Aksi takdirde bu k\u00f6kler hasar g\u00f6rebilir.<\/li>\n\n\n\n<li>Her santimetrekareden e\u015fit miktarda sakal grefti al\u0131nmal\u0131d\u0131r. Homojen al\u0131m yap\u0131lmad\u0131\u011f\u0131 takdirde y\u00fczde yama tarz\u0131nda hi\u00e7 ho\u015f olmayan g\u00f6r\u00fcnt\u00fc ortaya \u00e7\u0131kabilir.<\/li>\n\n\n\n<li>Ki\u015finin sakal s\u0131kl\u0131\u011f\u0131yla dengeli ve orant\u0131l\u0131 bir \u015fekilde seyreltme yap\u0131lmal\u0131d\u0131r.<\/li>\n\n\n\n<li>G\u00fcnl\u00fck jiletle s\u0131f\u0131r numara sakal t\u0131ra\u015f\u0131 olan bir kimsede fazla say\u0131da greft almak do\u011fru de\u011fildir. Fakat her g\u00fcn t\u0131ra\u015f olmayan bir kimseden daha fazla greft toplanabilir.<\/li>\n\n\n\n<li>Koyu tenli ki\u015filerde greft say\u0131s\u0131n\u0131 d\u00fc\u015f\u00fck tutmak do\u011fru olacakt\u0131r. Fazla greft al\u0131m\u0131nda iz olu\u015fma riski artar. A\u00e7\u0131k tenli ki\u015filerde bu olas\u0131l\u0131k daha d\u00fc\u015f\u00fckt\u00fcr.<\/li>\n\n\n\n<li>Sakallar\u0131 beyaz olan ki\u015filerin 1 g\u00fcn \u00f6ncesinde sakallar\u0131n\u0131 boyatmas\u0131 faydal\u0131 olacakt\u0131r.<\/li>\n\n\n\n<li>Sakal k\u00f6kleri y\u00fcz\u00fcn de\u011fi\u015fik yerlerinde farkl\u0131 a\u00e7\u0131 ve y\u00f6nde \u00e7\u0131kar. Al\u0131m s\u0131ras\u0131nda mutlaka bu y\u00f6nlerle uyumlu olarak deriye giri\u015f yap\u0131lmal\u0131d\u0131r. E\u011fer greft al\u0131m\u0131n\u0131 yapan doktor tecr\u00fcbeli de\u011filse, greftlerde kay\u0131p oran\u0131 artabilir.<\/li>\n\n\n\n<li>Sakal k\u00f6klerinin etraf\u0131nda destekleyen ya\u011f dokusu sa\u00e7 k\u00f6klerine g\u00f6re olduk\u00e7a azd\u0131r. Yani sa\u00e7 greftine g\u00f6re d\u0131\u015far\u0131da bekleme s\u00fcresi daha d\u00fc\u015f\u00fckt\u00fcr. Bundan dolay\u0131 al\u0131nan sakallar\u0131 fazla bekletmeden h\u0131zla ekmek daha do\u011fru olacakt\u0131r.<\/li>\n<\/ul>\n\n\n\n<p>3) <strong>Al\u0131c\u0131 b\u00f6lgeye sakaldan sa\u00e7 ekimi<\/strong><\/p>\n\n\n\n<p>S\u0131ra son a\u015fama olan, toplanan greftlerin kafadaki bo\u015f ya da seyrek b\u00f6lgelere nakledilmesine geldi. Asl\u0131nda bu a\u015faman\u0131n klasik sa\u00e7 ekiminden fark\u0131 yoktur. Sadece ekim s\u0131ras\u0131nda birka\u00e7 ayr\u0131nt\u0131ya dikkat edilmesi faydal\u0131 olacakt\u0131r.<\/p>\n\n\n\n<p>Hedeflenen sa\u00e7s\u0131z ya da seyrek alan lokal anestezi ile uyu\u015fturulur. Uyu\u015fturma i\u015fleminden sonra toplanan k\u00f6kler, hedeflenen al\u0131c\u0131 b\u00f6lgeye tek tek nakledilir. Greftlerin yerle\u015ftirilmesinde FUE ya da dhi y\u00f6ntemi kullan\u0131labilir. Biz AHD klinik olarak dhi sa\u00e7 ekim tekni\u011fini tercih ediyoruz.<\/p>\n\n\n\n<p><strong>Sakaldan sa\u00e7 ekimi s\u0131ras\u0131nda;<\/strong><\/p>\n\n\n\n<ul class=\"wp-block-list\">\n<li>\u00d6n sa\u00e7 \u00e7izgisi ve \u015fakak b\u00f6lgesinde sakal k\u00f6klerinden sa\u00e7 ekimi yapt\u0131rmak do\u011fru de\u011fildir. \u00c7\u00fcnk\u00fc do\u011fall\u0131k a\u00e7\u0131s\u0131ndan ense sa\u00e7lar\u0131 daha uygundur.<\/li>\n\n\n\n<li>Sakal k\u0131llar\u0131 orta b\u00f6lge yada vertex ad\u0131 verilen tepe b\u00f6lgesinde olduk\u00e7a ba\u015far\u0131l\u0131 sonu\u00e7 verecektir.<\/li>\n\n\n\n<li>E\u011fer operasyonda sa\u00e7 k\u00f6kleri de kullan\u0131lacaksa, en do\u011frusu sa\u00e7 ve sakal k\u00f6klerini kar\u0131\u015ft\u0131rarak ekim yapmak daha do\u011fal g\u00f6r\u00fcnt\u00fc olu\u015fturur.<\/li>\n<\/ul>\n\n\n\n<h3 class=\"wp-block-heading\">Sakaldan Sa\u00e7 Ekimi Sonu\u00e7lar\u0131 ve S\u00fcre\u00e7<\/h3>\n\n\n\n<p> Sakal al\u0131nan b\u00f6lge birka\u00e7 g\u00fcn i\u00e7inde h\u0131zla iyile\u015fir. En ge\u00e7 1 hafta sonra sakal t\u0131ra\u015f\u0131 olabilirsiniz. Homojen ve dengeli bir greft al\u0131m\u0131 yap\u0131ld\u0131\u011f\u0131 takdirde y\u00fcz\u00fcn\u00fczde i\u015flem yap\u0131ld\u0131\u011f\u0131 anla\u015f\u0131lmaz.<\/p>\n\n\n\n<p>Sakal k\u0131llar\u0131ndan yap\u0131lan ekim ile klasik sa\u00e7 ekimi yap\u0131lan ki\u015fideki s\u00fcre\u00e7 aras\u0131nda bir fark yoktur. Sakaldan al\u0131nan k\u00f6klerin b\u00fcy\u00fcme s\u00fcreci klasik sa\u00e7larla ayn\u0131d\u0131r. Kabuklanma ve k\u0131zar\u0131kl\u0131klar y\u0131kamalarla birlikte kaybolur. G\u00fcnde 10 -15 defa normal \u015fekilde y\u00fcz\u00fcn\u00fcz\u00fc y\u0131kayabilirsiniz. Y\u0131kama i\u00e7in \u00f6zel bir \u015fampuan kullanman\u0131za dahi gerek yoktur. Sakal al\u0131m\u0131 yap\u0131lan b\u00f6lge \u00e7ok h\u0131zl\u0131 iyile\u015fir. Hatta 4-5 g\u00fcn sonra bile normal sakal t\u0131ra\u015f\u0131 olabilirsiniz<\/p>\n\n\n\n<p><span style=\"font-weight: 400;\">A\u015fa\u011f\u0131daki resimde sakaldan greft al\u0131m\u0131 yap\u0131lm\u0131\u015f bir ki\u015finin 10 g\u00fcn sonraki g\u00f6r\u00fcnt\u00fcs\u00fcne bakabilirsiniz.<\/span><\/p>\n\n\n\n<figure class=\"wp-block-image size-full\"><img loading=\"lazy\" decoding=\"async\" width=\"750\" height=\"251\" src=\"http:\/\/hairtransplantationbeforeafter.com\/wp-content\/uploads\/2025\/04\/sakaldan_sac_ekimi_sonrasi.webp\" alt=\"sakaldan sa\u00e7 ekimi sonras\u0131 10.g\u00fcnde don\u00f6r b\u00f6lge\" class=\"wp-image-16296\" srcset=\"http:\/\/hairtransplantationbeforeafter.com\/wp-content\/uploads\/2025\/04\/sakaldan_sac_ekimi_sonrasi.webp 750w, http:\/\/hairtransplantationbeforeafter.com\/wp-content\/uploads\/2025\/04\/sakaldan_sac_ekimi_sonrasi-300x100.webp 300w\" sizes=\"auto, (max-width: 750px) 100vw, 750px\" \/><\/figure>\n\n\n\n<p>\u015eok d\u00f6k\u00fclme sonunda d\u00f6k\u00fclen k\u00f6kler 3-4 ay sonra \u00e7\u0131kmaya ba\u015flar 1 y\u0131l sonras\u0131nda istenilen hedefe ula\u015f\u0131lm\u0131\u015f olur.<\/p>\n\n\n\n<p><strong>Not: <\/strong>Sakaldan yap\u0131lan sa\u00e7 ekiminde, \u015fok d\u00f6k\u00fclme oran\u0131 nispeten daha az olabilir. Fakat bu kesin bir durum de\u011fildir.<\/p>\n\n\n\n<p>Sakaldan sa\u00e7 ekimi sonu\u00e7lar\u0131, olduk\u00e7a y\u00fcz g\u00fcld\u00fcr\u00fcc\u00fcd\u00fcr. \u00d6zellikle ense sa\u00e7lar\u0131yla sakal k\u0131llar\u0131 kar\u0131\u015ft\u0131r\u0131larak bir sa\u00e7 ekimi yap\u0131lm\u0131\u015fsa gayet do\u011fal ve yo\u011fun bir g\u00f6r\u00fcnt\u00fc elde etmek hi\u00e7te zor de\u011fildir.<\/p>\n\n\n\n<h2 class=\"wp-block-heading\"><span class=\"ez-toc-section\" id=\"Sik_Sorulan_Sorular\"><\/span>S\u0131k Sorulan Sorular<span class=\"ez-toc-section-end\"><\/span><\/h2>\n\n\n<div id=\"rank-math-faq\" class=\"rank-math-block\">\n<div class=\"rank-math-list \">\n<div id=\"faq-question-1751315710797\" class=\"rank-math-list-item\">\n<h3 class=\"rank-math-question \">Sakaldan sa\u00e7 ekiminde iz kal\u0131r m\u0131?<\/h3>\n<div class=\"rank-math-answer \">\n\n<p><span style=\"font-weight: 400\">Her cerrahi giri\u015fim sonunda iz kalma riski vard\u0131r. E\u011fer greftler homojen bir \u015fekilde ve ince u\u00e7larla al\u0131n\u0131rsa iz kalma olas\u0131l\u0131\u011f\u0131 hemen hemen hi\u00e7 yoktur. Ayr\u0131ca a\u00e7\u0131k tenli ki\u015filerde iz kalma ihtimali \u00e7ok daha d\u00fc\u015f\u00fckt\u00fcr. <\/span>Koyu tenlilerde ise bu risk artar. Mesela zencilerde sa\u00e7 ekimi i\u00e7in sakal k\u0131llar\u0131n\u0131 kullanmak do\u011fru de\u011fildir. \u00c7\u00fcnk\u00fc mutlaka g\u00f6r\u00fcn\u00fcr bir iz kal\u0131r.<\/p>\n\n<\/div>\n<\/div>\n<div id=\"faq-question-1751315727490\" class=\"rank-math-list-item\">\n<h3 class=\"rank-math-question \">Sakaldan greft al\u0131m\u0131 yap\u0131lan b\u00f6lgeden tekrar sakal \u00e7\u0131kar m\u0131?<\/h3>\n<div class=\"rank-math-answer \">\n\n<p><span style=\"font-weight: 400\">Sakak k\u0131llar\u0131 k\u00f6k\u00fcyle birlikte al\u0131nmaktad\u0131r. Bundan dolay\u0131 sakal al\u0131nan b\u00f6lgede yeniden k\u0131l \u00e7\u0131k\u0131\u015f\u0131 olmaz. Operasyon yap\u0131l\u0131rken homojen ve dengeli bir \u015fekilde seyreltme i\u015flemi yap\u0131lmas\u0131 gerekir.<\/span><\/p>\n\n<\/div>\n<\/div>\n<div id=\"faq-question-1751315769642\" class=\"rank-math-list-item\">\n<h3 class=\"rank-math-question \">Sakaldan sa\u00e7 ekimi i\u00e7in ka\u00e7 greft sakal al\u0131nabilir?<\/h3>\n<div class=\"rank-math-answer \">\n\n<p><span style=\"font-weight: 400\">Ki\u015finin y\u00fcz\u00fcndeki k\u0131l yo\u011funlu\u011funa g\u00f6re bu say\u0131 de\u011fi\u015febilir. Sakal\u0131 \u00e7ok s\u0131k olan ve her g\u00fcn t\u0131ra\u015f olmayan bir ki\u015fide 4.000 \u2013 5.000 aras\u0131 greft al\u0131nabilir. Tabi ki bu say\u0131y\u0131 2-3 seansa b\u00f6lerek almak en do\u011fru olan\u0131d\u0131r. Normal s\u0131kl\u0131kta sakal\u0131 olan ki\u015filerde 1000-1500 greft al\u0131nabilmektedir.<\/span><\/p>\n\n<\/div>\n<\/div>\n<div id=\"faq-question-1751315791799\" class=\"rank-math-list-item\">\n<h3 class=\"rank-math-question \">Sakaldan greft al\u0131m\u0131 a\u011fr\u0131l\u0131 m\u0131d\u0131r?<\/h3>\n<div class=\"rank-math-answer \">\n\n<p><span style=\"font-weight: 400\">Evet lokal anestezi a\u015famas\u0131nda a\u011fr\u0131 duyulur. Fakat anestezi sonras\u0131nda a\u011fr\u0131 hissetmeden rahat bir operasyon s\u00fcreci ge\u00e7irebilirsiniz.<\/span><\/p>\n\n<\/div>\n<\/div>\n<div id=\"faq-question-1751402662263\" class=\"rank-math-list-item\">\n<h3 class=\"rank-math-question \">Sakaldan al\u0131nan greftler d\u00f6k\u00fcl\u00fcr m\u00fc?<\/h3>\n<div class=\"rank-math-answer \">\n\n<p>Bir k\u0131l k\u00f6k\u00fc ne kadar kal\u0131n ve g\u00fc\u00e7l\u00fcyse ekim yap\u0131lan b\u00f6lgeye adaptasyon sa\u011flamas\u0131 da o kadar fazlad\u0131r. Ayr\u0131ca kal\u0131n k\u00f6kler \u015fok d\u00f6k\u00fclmeye kar\u015f\u0131 daha diren\u00e7lidir. Bundan dolay\u0131 sakaldan sa\u00e7 ekimi yap\u0131lanlarda ekilen k\u00f6klerin tutma oran\u0131 y\u00fcksektir diyebiliriz.<\/p>\n\n<\/div>\n<\/div>\n<div id=\"faq-question-1751403142942\" class=\"rank-math-list-item\">\n<h3 class=\"rank-math-question \">Sakaldan sa\u00e7 ekim fiyatlar\u0131 ne kadar?<\/h3>\n<div class=\"rank-math-answer \">\n\n<p>AHD klinikte b\u00f6yle bir ayr\u0131m yoktur. Klasik sa\u00e7 ekimi fiyatlar\u0131yla ayn\u0131 \u00fccretlendirme uygulanmaktad\u0131r.<\/p>\n\n<\/div>\n<\/div>\n<\/div>\n<\/div>\n\n\n<div class=\"wp-block-essential-blocks-row alignfull  root-eb-row-j476z\"><div class=\"eb-parent-wrapper eb-parent-eb-row-j476z \"><div class=\"eb-row-root-container eb-row-j476z\" data-id=\"eb-row-j476z\"><div class=\"eb-row-wrapper\"><div class=\"eb-row-inner\">\n<div class=\"wp-block-essential-blocks-column  root-eb-column-uui35\"><div class=\"eb-parent-wrapper eb-parent-eb-column-uui35 \"><div class=\"eb-column-wrapper eb-column-uui35\"><div class=\"eb-column-inner\">\n<p class=\"has-white-color has-text-color has-link-color has-large-font-size wp-elements-71453eb1bf580941dbc122bd4d24d9a5\"><strong>AHD klinikle ileti\u015fime ge\u00e7in.<\/strong><\/p>\n\n\n\n<p class=\"has-white-color has-text-color has-link-color has-medium-font-size wp-elements-1b9825707d695a1aba51d75fe879a574\">T\u00fcrkiye&#8217;de sakaldan sa\u00e7 ekimi operasyonunda marka olan AHD klinik size yard\u0131mc\u0131 olacakt\u0131r.<\/p>\n<\/div><\/div><\/div><\/div>\n\n\n\n<div class=\"wp-block-essential-blocks-column  root-eb-column-q95q2\"><div class=\"eb-parent-wrapper eb-parent-eb-column-q95q2 \"><div class=\"eb-column-wrapper eb-column-q95q2\"><div class=\"eb-column-inner\">\n<div class=\"wp-block-essential-blocks-button  root-eb-button-408vr\"><div class=\"eb-parent-wrapper eb-parent-eb-button-408vr \"><div class=\"eb-button-wrapper eb-button-alignment eb-button-408vr\"><div class=\"eb-button\"><div class=\"eb-button-inner-wrapper \"><a class=\"eb-button-anchor  \" href=\"https:\/\/api.whatsapp.com\/send?phone=905323134198\" target=\"_blank\" rel=\"noopener\">\u0130leti\u015fime Ge\u00e7in<\/a><\/div><\/div><\/div><\/div><\/div>\n<\/div><\/div><\/div><\/div>\n<\/div><\/div><\/div><\/div><\/div>\n\n\n\n<p>\u00a0E\u011fer don\u00f6r b\u00f6lgeniz yetersizse ve sakal g\u00f6\u011f\u00fcs gibi v\u00fccut k\u0131llar\u0131n\u0131z\u0131 da sa\u00e7 ekiminde kullanmak istiyorsan\u0131z AHD klinikle bir kons\u00fcltasyon ger\u00e7ekle\u015ftirebilirsiniz. Kons\u00fcltasyon sonunda e\u011fer sakaldan sa\u00e7 ekimi i\u00e7in uygunsan\u0131z, size uygun ger\u00e7ek\u00e7i \u00e7\u00f6z\u00fcmler \u00fcretebiliriz.<\/p>\n\n\n\n<p>AHD klinik T\u00fcrkiye\u2019nin sayg\u0131n sa\u00e7 cerrahlar\u0131ndan Dr. Hakan Do\u011fanay taraf\u0131ndan kurulmu\u015ftur. Dr. Do\u011fanay 2010 y\u0131l\u0131ndan beri, sakal k\u0131llar\u0131 sa\u00e7 ekiminde ba\u015far\u0131yla kullanmaktad\u0131r. AHD klinikte sakaldan sa\u00e7 ekimi yapt\u0131ranlar\u0131n yorumlar\u0131n\u0131 bir \u00e7ok forum sitesinde bulman\u0131z m\u00fcmk\u00fcnd\u00fcr. Bu operasyonu d\u00fc\u015f\u00fcnlere iyi bir ara\u015ft\u0131rma yapmalar\u0131n\u0131 tavsiye ederiz. \u00c7\u00fcnk\u00fc homojen bir al\u0131m yap\u0131lmad\u0131\u011f\u0131 takdirde y\u00fcz b\u00f6lgesinde istenmeyen k\u00f6t\u00fc g\u00f6r\u00fcnt\u00fcler olu\u015fabilir. Bunun i\u00e7in canl\u0131 olarak ya da internet ortam\u0131ndaki \u015fikayet tavsiye ve yorumlar\u0131 incelemeniz yarar\u0131n\u0131za olacakt\u0131r.<\/p>\n","protected":false},"excerpt":{"rendered":"<p>Don\u00f6r b\u00f6lge olarak ense sa\u00e7lar\u0131n\u0131n t\u00fckendi\u011fi ya da yetersiz kald\u0131\u011f\u0131 durumda sakaldan sa\u00e7 ekimi m\u00fckemmel bir alternatif kaynakt\u0131r. B\u00f6yle bir [&hellip;]<\/p>\n","protected":false},"author":2,"featured_media":16294,"comment_status":"closed","ping_status":"open","sticky":false,"template":"","format":"standard","meta":{"_acf_changed":false,"tpgb_global_settings":"","_eb_attr":"","_eb_data_table":"","site-sidebar-layout":"default","site-content-layout":"","ast-site-content-layout":"default","site-content-style":"default","site-sidebar-style":"default","ast-global-header-display":"","ast-banner-title-visibility":"","ast-main-header-display":"","ast-hfb-above-header-display":"","ast-hfb-below-header-display":"","ast-hfb-mobile-header-display":"","site-post-title":"","ast-breadcrumbs-content":"","ast-featured-img":"","footer-sml-layout":"","theme-transparent-header-meta":"","adv-header-id-meta":"","stick-header-meta":"","header-above-stick-meta":"","header-main-stick-meta":"","header-below-stick-meta":"","astra-migrate-meta-layouts":"default","ast-page-background-enabled":"default","ast-page-background-meta":{"desktop":{"background-color":"var(--ast-global-color-5)","background-image":"","background-repeat":"repeat","background-position":"center center","background-size":"auto","background-attachment":"scroll","background-type":"","background-media":"","overlay-type":"","overlay-color":"","overlay-opacity":"","overlay-gradient":""},"tablet":{"background-color":"","background-image":"","background-repeat":"repeat","background-position":"center center","background-size":"auto","background-attachment":"scroll","background-type":"","background-media":"","overlay-type":"","overlay-color":"","overlay-opacity":"","overlay-gradient":""},"mobile":{"background-color":"","background-image":"","background-repeat":"repeat","background-position":"center center","background-size":"auto","background-attachment":"scroll","background-type":"","background-media":"","overlay-type":"","overlay-color":"","overlay-opacity":"","overlay-gradient":""}},"ast-content-background-meta":{"desktop":{"background-color":"var(--ast-global-color-4)","background-image":"","background-repeat":"repeat","background-position":"center center","background-size":"auto","background-attachment":"scroll","background-type":"","background-media":"","overlay-type":"","overlay-color":"","overlay-opacity":"","overlay-gradient":""},"tablet":{"background-color":"var(--ast-global-color-4)","background-image":"","background-repeat":"repeat","background-position":"center center","background-size":"auto","background-attachment":"scroll","background-type":"","background-media":"","overlay-type":"","overlay-color":"","overlay-opacity":"","overlay-gradient":""},"mobile":{"background-color":"var(--ast-global-color-4)","background-image":"","background-repeat":"repeat","background-position":"center center","background-size":"auto","background-attachment":"scroll","background-type":"","background-media":"","overlay-type":"","overlay-color":"","overlay-opacity":"","overlay-gradient":""}},"footnotes":""},"categories":[43],"tags":[],"class_list":["post-256","post","type-post","status-publish","format-standard","has-post-thumbnail","hentry","category-uygulamalar"],"acf":[],"tpgb_featured_images":{"full":["http:\/\/hairtransplantationbeforeafter.com\/wp-content\/uploads\/2025\/04\/sakaldan_sac_ekimi.webp",750,333,false],"tp-image-grid":["http:\/\/hairtransplantationbeforeafter.com\/wp-content\/uploads\/2025\/04\/sakaldan_sac_ekimi.webp",700,311,false],"thumbnail":["http:\/\/hairtransplantationbeforeafter.com\/wp-content\/uploads\/2025\/04\/sakaldan_sac_ekimi-150x150.webp",150,150,true],"medium":["http:\/\/hairtransplantationbeforeafter.com\/wp-content\/uploads\/2025\/04\/sakaldan_sac_ekimi-300x133.webp",300,133,true],"medium_large":["http:\/\/hairtransplantationbeforeafter.com\/wp-content\/uploads\/2025\/04\/sakaldan_sac_ekimi.webp",750,333,false],"large":["http:\/\/hairtransplantationbeforeafter.com\/wp-content\/uploads\/2025\/04\/sakaldan_sac_ekimi.webp",750,333,false],"default":"http:\/\/hairtransplantationbeforeafter.com\/wp-content\/plugins\/the-plus-addons-for-block-editor\/assets\/images\/tpgb-placeholder.jpg"},"tpgb_post_meta_info":{"get_date":"12 Nisan 2025","get_modified_date":"25 Kas\u0131m 2025","category_list":{"category":[{"term_id":43,"name":"Uygulamalar","slug":"uygulamalar","term_group":0,"term_taxonomy_id":43,"taxonomy":"category","description":"","parent":0,"count":6,"filter":"raw"}],"post_tag":false,"post_format":false},"author_name":"Dr. Hakan Doganay","author_url":"http:\/\/hairtransplantationbeforeafter.com\/tr\/author\/ahd\/","author_email":"sacekimi@gmail.com","author_website":"","author_description":"Dr. Hakan Do\u011fanay in Turkey. With 22 years of experience starting from 2003, Dr. Hakan Do\u011fanay is among the pioneering doctors in Turkey.","author_facebook":"","author_twitter":"","author_instagram":"","author_role":["administrator"],"author_firstname":"Dr. Hakan","author_lastname":"Doganay","user_login":"AHD","author_avatar":"<img alt='' src='https:\/\/secure.gravatar.com\/avatar\/0962d7b796652491e3aa69d35cd61f848d4ba6757b16cc3b6b92cf8b3ea9ded3?s=200&#038;d=mm&#038;r=g' srcset='https:\/\/secure.gravatar.com\/avatar\/0962d7b796652491e3aa69d35cd61f848d4ba6757b16cc3b6b92cf8b3ea9ded3?s=400&#038;d=mm&#038;r=g 2x' class='avatar avatar-200 photo' height='200' width='200' loading='lazy' decoding='async'\/>","author_avatar_url":"https:\/\/secure.gravatar.com\/avatar\/0962d7b796652491e3aa69d35cd61f848d4ba6757b16cc3b6b92cf8b3ea9ded3?s=96&d=mm&r=g","comment_count":0,"post_likes":0,"post_views":0},"tpgb_post_category":{"category":"<a href=\"http:\/\/hairtransplantationbeforeafter.com\/tr\/uygulamalar\/\" alt=\"Uygulamalar\" class=\"category-uygulamalar\">Uygulamalar<\/a> "},"_links":{"self":[{"href":"http:\/\/hairtransplantationbeforeafter.com\/tr\/wp-json\/wp\/v2\/posts\/256","targetHints":{"allow":["GET"]}}],"collection":[{"href":"http:\/\/hairtransplantationbeforeafter.com\/tr\/wp-json\/wp\/v2\/posts"}],"about":[{"href":"http:\/\/hairtransplantationbeforeafter.com\/tr\/wp-json\/wp\/v2\/types\/post"}],"author":[{"embeddable":true,"href":"http:\/\/hairtransplantationbeforeafter.com\/tr\/wp-json\/wp\/v2\/users\/2"}],"replies":[{"embeddable":true,"href":"http:\/\/hairtransplantationbeforeafter.com\/tr\/wp-json\/wp\/v2\/comments?post=256"}],"version-history":[{"count":3,"href":"http:\/\/hairtransplantationbeforeafter.com\/tr\/wp-json\/wp\/v2\/posts\/256\/revisions"}],"predecessor-version":[{"id":26296,"href":"http:\/\/hairtransplantationbeforeafter.com\/tr\/wp-json\/wp\/v2\/posts\/256\/revisions\/26296"}],"wp:featuredmedia":[{"embeddable":true,"href":"http:\/\/hairtransplantationbeforeafter.com\/tr\/wp-json\/wp\/v2\/media\/16294"}],"wp:attachment":[{"href":"http:\/\/hairtransplantationbeforeafter.com\/tr\/wp-json\/wp\/v2\/media?parent=256"}],"wp:term":[{"taxonomy":"category","embeddable":true,"href":"http:\/\/hairtransplantationbeforeafter.com\/tr\/wp-json\/wp\/v2\/categories?post=256"},{"taxonomy":"post_tag","embeddable":true,"href":"http:\/\/hairtransplantationbeforeafter.com\/tr\/wp-json\/wp\/v2\/tags?post=256"}],"curies":[{"name":"wp","href":"https:\/\/api.w.org\/{rel}","templated":true}]}}