{"id":24305,"date":"2025-10-31T08:50:12","date_gmt":"2025-10-31T05:50:12","guid":{"rendered":"http:\/\/hairtransplantationbeforeafter.com\/?p=24305"},"modified":"2025-11-25T15:18:27","modified_gmt":"2025-11-25T12:18:27","slug":"sok-dokulme","status":"publish","type":"post","link":"http:\/\/hairtransplantationbeforeafter.com\/tr\/sok-dokulme\/","title":{"rendered":"Sa\u00e7 Ekimi Sonras\u0131 \u015eok D\u00f6k\u00fclme"},"content":{"rendered":"\n<p>Sa\u00e7 ekiminden sonra ekilen sa\u00e7lar\u0131n bir k\u0131sm\u0131 baz\u0131 nedenlerden dolay\u0131 d\u00f6k\u00fclebilir. Bu nedenlerin en ba\u015f\u0131nda sa\u00e7lar\u0131n travmaya u\u011framas\u0131 gelmektedir. \u0130\u015fte aniden ortaya \u00e7\u0131kan ve ge\u00e7ici olan bu duruma <strong>\u015fok d\u00f6k\u00fclme<\/strong> ad\u0131 verilmi\u015ftir. Bu yaz\u0131m\u0131zda \u015foka ba\u011fl\u0131 d\u00f6k\u00fclmenin nedenleri, s\u00fcresi ve bunu azaltman\u0131n yolar\u0131 hakk\u0131nda detayl\u0131 bilgi verece\u011fiz. Asl\u0131nda bu s\u00fcre\u00e7 sa\u00e7 nakli yapt\u0131ran erkek ve kad\u0131nlar\u0131n hi\u00e7 istemedi\u011fi ve endi\u015fe etti\u011fi bir \u015fey olsa da tamamen normaldir. \u00c7\u00fcnk\u00fc \u015foka u\u011fray\u0131p d\u00f6k\u00fclen sa\u00e7lar bir s\u00fcre sonra yeniden \u00e7\u0131kacak ve uzamaya devam edecektir.<\/p>\n\n\n\n<figure class=\"wp-block-image size-full\"><img loading=\"lazy\" decoding=\"async\" width=\"750\" height=\"422\" src=\"http:\/\/hairtransplantationbeforeafter.com\/wp-content\/uploads\/2025\/10\/2-ayliksok-dokulme-ve-sonuc.webp\" alt=\"2 ayl\u0131k sa\u00e7ekimi ve 10 ayl\u0131k sa\u00e7 ekim sonucunu g\u00f6steren foto\u011fraf\" class=\"wp-image-24478\" srcset=\"http:\/\/hairtransplantationbeforeafter.com\/wp-content\/uploads\/2025\/10\/2-ayliksok-dokulme-ve-sonuc.webp 750w, http:\/\/hairtransplantationbeforeafter.com\/wp-content\/uploads\/2025\/10\/2-ayliksok-dokulme-ve-sonuc-300x169.webp 300w\" sizes=\"auto, (max-width: 750px) 100vw, 750px\" \/><\/figure>\n\n\n\n<div id=\"ez-toc-container\" class=\"ez-toc-v2_0_78 counter-hierarchy ez-toc-counter ez-toc-grey ez-toc-container-direction\">\n<div class=\"ez-toc-title-container\">\n<p class=\"ez-toc-title\" style=\"cursor:inherit\">Table of Contents<\/p>\n<span class=\"ez-toc-title-toggle\"><a href=\"#\" class=\"ez-toc-pull-right ez-toc-btn ez-toc-btn-xs ez-toc-btn-default ez-toc-toggle\" aria-label=\"Toggle Table of Content\"><span class=\"ez-toc-js-icon-con\"><span class=\"\"><span class=\"eztoc-hide\" style=\"display:none;\">Toggle<\/span><span class=\"ez-toc-icon-toggle-span\"><svg style=\"fill: #999;color:#999\" xmlns=\"http:\/\/www.w3.org\/2000\/svg\" class=\"list-377408\" width=\"20px\" height=\"20px\" viewBox=\"0 0 24 24\" fill=\"none\"><path d=\"M6 6H4v2h2V6zm14 0H8v2h12V6zM4 11h2v2H4v-2zm16 0H8v2h12v-2zM4 16h2v2H4v-2zm16 0H8v2h12v-2z\" fill=\"currentColor\"><\/path><\/svg><svg style=\"fill: #999;color:#999\" class=\"arrow-unsorted-368013\" xmlns=\"http:\/\/www.w3.org\/2000\/svg\" width=\"10px\" height=\"10px\" viewBox=\"0 0 24 24\" version=\"1.2\" baseProfile=\"tiny\"><path d=\"M18.2 9.3l-6.2-6.3-6.2 6.3c-.2.2-.3.4-.3.7s.1.5.3.7c.2.2.4.3.7.3h11c.3 0 .5-.1.7-.3.2-.2.3-.5.3-.7s-.1-.5-.3-.7zM5.8 14.7l6.2 6.3 6.2-6.3c.2-.2.3-.5.3-.7s-.1-.5-.3-.7c-.2-.2-.4-.3-.7-.3h-11c-.3 0-.5.1-.7.3-.2.2-.3.5-.3.7s.1.5.3.7z\"\/><\/svg><\/span><\/span><\/span><\/a><\/span><\/div>\n<nav><ul class='ez-toc-list ez-toc-list-level-1 eztoc-toggle-hide-by-default' ><li class='ez-toc-page-1 ez-toc-heading-level-2'><a class=\"ez-toc-link ez-toc-heading-1\" href=\"http:\/\/hairtransplantationbeforeafter.com\/tr\/sok-dokulme\/#Sac_Ekiminden_Sonra_Sok_Dokulme_Neden_Olur\" >Sa\u00e7 Ekiminden Sonra \u015eok D\u00f6k\u00fclme Neden Olur?<\/a><\/li><li class='ez-toc-page-1 ez-toc-heading-level-2'><a class=\"ez-toc-link ez-toc-heading-2\" href=\"http:\/\/hairtransplantationbeforeafter.com\/tr\/sok-dokulme\/#Sok_Dokulme_Ne_Zaman_Baslar\" >\u015eok D\u00f6k\u00fclme Ne Zaman Ba\u015flar?<\/a><\/li><li class='ez-toc-page-1 ez-toc-heading-level-2'><a class=\"ez-toc-link ez-toc-heading-3\" href=\"http:\/\/hairtransplantationbeforeafter.com\/tr\/sok-dokulme\/#Sok_Dokulmeyi_Arttiran_veya_Azaltan_Faktorler\" >\u015eok D\u00f6k\u00fclmeyi Artt\u0131ran veya Azaltan Fakt\u00f6rler<\/a><\/li><li class='ez-toc-page-1 ez-toc-heading-level-2'><a class=\"ez-toc-link ez-toc-heading-4\" href=\"http:\/\/hairtransplantationbeforeafter.com\/tr\/sok-dokulme\/#SIK_SORULAN_SORULAR\" >SIK SORULAN SORULAR<\/a><\/li><\/ul><\/nav><\/div>\n<h2 class=\"wp-block-heading\"><span class=\"ez-toc-section\" id=\"Sac_Ekiminden_Sonra_Sok_Dokulme_Neden_Olur\"><\/span>Sa\u00e7 Ekiminden Sonra \u015eok D\u00f6k\u00fclme Neden Olur?<span class=\"ez-toc-section-end\"><\/span><\/h2>\n\n\n\n<p>Sa\u00e7lar\u0131n normal b\u00fcy\u00fcme evresi d\u00f6n\u00fc\u015f\u00fcml\u00fc olarak 4 a\u015famada ger\u00e7ekle\u015fir. Bu a\u015famalar \u015funlard\u0131r.<\/p>\n\n\n\n<ol start=\"1\" class=\"wp-block-list\">\n<li>Anagen (b\u00fcy\u00fcme evresi): Bu bir sa\u00e7 folik\u00fcl\u00fcn\u00fcn en g\u00fc\u00e7l\u00fc  oldu\u011fu ve en h\u0131zl\u0131 uzad\u0131\u011f\u0131 a\u015famad\u0131r. Bu evre yakla\u015f\u0131k olarak 2-5 y\u0131l aras\u0131 s\u00fcrer.<\/li>\n\n\n\n<li>Katagen Faz\u0131 (ge\u00e7i\u015f evresi):<\/li>\n\n\n\n<li>Telogen (dinlenme evresi):<\/li>\n\n\n\n<li>Ekzojen Faz\u0131 (y\u0131k\u0131m evresi):<\/li>\n<\/ol>\n\n\n\n<p>Sa\u00e7 ekimi i\u015fleminde ise<\/p>\n\n\n\n<ol class=\"wp-block-list\">\n<li>Don\u00f6r b\u00f6lge ve al\u0131c\u0131 b\u00f6lgeye lokal anestezi uygulan\u0131r. <\/li>\n\n\n\n<li>Sa\u00e7lar don\u00f6r b\u00f6lgeden \u00e7\u0131kart\u0131l\u0131rken kan damarlar\u0131yla olan ba\u011flant\u0131s\u0131 kesilir. Dolay\u0131s\u0131yla sa\u00e7lar\u0131n kan yoluyla beslenmesi duraklam\u0131\u015f olur.<\/li>\n\n\n\n<li>Daha sonra al\u0131c\u0131 b\u00f6lgede bir\u00e7ok kesi yap\u0131larak bu sa\u00e7lar nakledilir. <\/li>\n<\/ol>\n\n\n\n<p>Belirtilen bu 3 durum sa\u00e7 k\u00f6k\u00fc i\u00e7in bir travmad\u0131r. Travmaya u\u011frayan sa\u00e7lar ise \u015foka girer. Yani anagen, katagen ve telogen fazdaki bu sa\u00e7 folik\u00fclleri erken d\u00f6nemde tepki vererek ekzojen faz\u0131na ge\u00e7i\u015f yapar. Dolay\u0131s\u0131yla travma nedeniyle faz de\u011fi\u015fikli\u011fine u\u011frayan sa\u00e7lar, ge\u00e7ici olarak dinlenme ve y\u0131k\u0131m evresine girer ve \u015fok d\u00f6k\u00fclme denen durum ortaya \u00e7\u0131kar. Buna t\u0131bbi literat\u00fcrde &#8220;telojen effluvium&#8221; denilmektedir.<\/p>\n\n\n\n<p>\u015eok d\u00f6k\u00fclme mekanizmas\u0131 \u015fu \u015fekilde de a\u00e7\u0131klanabilir. Sa\u00e7lar travmaya u\u011frad\u0131\u011f\u0131ndan dolay\u0131 v\u00fccudun savunma mekanizmas\u0131 bunu bir sald\u0131r\u0131 olarak kabul eder. Ve sald\u0131r\u0131ya kar\u015f\u0131 sa\u00e7lar\u0131 korumak i\u00e7in harekete ge\u00e7er. Sa\u00e7lar u\u00e7lar\u0131ndan k\u0131r\u0131l\u0131r ve deri alt\u0131nda uykuya ge\u00e7er. Fakat deri alt\u0131ndaki sa\u00e7 k\u00f6kleri sa\u011flamd\u0131r ve \u00e7\u0131k\u0131\u015f zaman\u0131n\u0131 bekler.<\/p>\n\n\n\n<h3 class=\"wp-block-heading\">Sa\u00e7 Ekiminden Sonra D\u00f6k\u00fclme Hangi B\u00f6lgelerde Olur?<\/h3>\n\n\n\n<p>Sa\u00e7 ekiminden sonra 3 b\u00f6lgede d\u00f6k\u00fclme olabilece\u011fi tespit edilmi\u015ftir. Bu b\u00f6lgeler \u015funlard\u0131r:<\/p>\n\n\n\n<ul class=\"wp-block-list\">\n<li><strong>Al\u0131c\u0131 B\u00f6lgede Ekilen Sa\u00e7lar\u0131n Sa\u00e7 D\u00f6k\u00fclmesi:<\/strong> Bu yaz\u0131m\u0131z\u0131n as\u0131l konusu olan ve tamamen normal olan ekilen sa\u00e7lar\u0131n d\u00f6k\u00fclmesidir. Yani travma nedeniyle ekilen sa\u00e7lar ge\u00e7ici olarak d\u00f6k\u00fclebilir.<\/li>\n\n\n\n<li><strong>Al\u0131c\u0131 B\u00f6lgede ki\u015finin kendi sa\u00e7lar\u0131nda d\u00f6k\u00fclme: <\/strong>Bu durum tamamen d\u00f6k\u00fclmemi\u015f olup seyrek olan sa\u00e7lar\u0131n aras\u0131na s\u0131kla\u015ft\u0131rma i\u015flemi yap\u0131l\u0131rken g\u00f6r\u00fclebilir. Yeni ekilen sa\u00e7lar\u0131n \u00e7evresinde ince ve zay\u0131f sa\u00e7 k\u00f6kler sa\u00e7 ekimi s\u0131ras\u0131nda d\u00f6k\u00fclebilir. Ki\u015finin kendi ince sa\u00e7lar\u0131 da travmaya ba\u011fl\u0131 olarak \u015foka girer ve d\u00f6k\u00fcl\u00fcr. E\u011fer bu durum ge\u00e7iciyse bu da normal olarak kabul edilebilir ve d\u00f6k\u00fclen ince sa\u00e7lar yeniden \u00e7\u0131kar. Fakat al\u0131c\u0131 b\u00f6lgede b\u00fcy\u00fck kesiler yap\u0131lm\u0131\u015fsa damar hasar\u0131 artar , mevcut olan ince sa\u00e7lar da kal\u0131c\u0131 olarak hasar g\u00f6rebilir.<\/li>\n\n\n\n<li><strong>Don\u00f6r B\u00f6lgede Sa\u00e7 D\u00f6k\u00fclmesi: <\/strong>Don\u00f6r b\u00f6lgeden FUE y\u00f6ntemiyle sa\u00e7lar \u00e7\u0131kart\u0131l\u0131rken \u00e7evresindeki di\u011fer kom\u015fu sa\u00e7 folik\u00fcllerinin kan damarlar\u0131yla beslenmesi kesilebilir. B\u00f6ylece travmaya u\u011frayan bu sa\u00e7larda da \u015fok d\u00f6k\u00fclme meydana gelebilir. Asl\u0131nda bu hatal\u0131 greft al\u0131m\u0131ndan kaynaklanan bir durumdur.. Don\u00f6r b\u00f6lgeden a\u015f\u0131r\u0131 miktarda greft al\u0131nd\u0131\u011f\u0131nda kom\u015fu sa\u00e7 k\u00f6kleri de ciddi oranda zarar g\u00f6rebilir. \u00d6zellikle kulak \u00fcst\u00fcnden fazla miktarda greft al\u0131nd\u0131\u011f\u0131nda bu b\u00f6lgede &#8220;doku k\u00fcsmesi&#8221; denilen durum ortaya \u00e7\u0131kar ve burada kal\u0131c\u0131 bir \u015fekil bozuklu\u011fu meydana gelebilir. FUT sa\u00e7 ekiminde de doku kesilirken kesi alan\u0131 \u00e7evresindeki sa\u00e7 folik\u00fclleri de hasar g\u00f6rebilir. Bu alanda \u00e7izgisel \u015fekilde g\u00f6r\u00fclen kal\u0131c\u0131 sa\u00e7 d\u00f6k\u00fclmesi g\u00f6r\u00fclebilir.<\/li>\n<\/ul>\n\n\n\n<figure class=\"wp-block-image size-full\"><img loading=\"lazy\" decoding=\"async\" width=\"593\" height=\"684\" src=\"http:\/\/hairtransplantationbeforeafter.com\/wp-content\/uploads\/2025\/10\/kalici-sok-dokulme.webp\" alt=\"hatal\u0131 greft al\u0131m\u0131ndan dolay\u0131 olu\u015fan kal\u0131c\u0131 d\u00f6k\u00fclme ve k\u00f6t\u00fc g\u00f6r\u00fcn\u00fcm\" class=\"wp-image-24323\" srcset=\"http:\/\/hairtransplantationbeforeafter.com\/wp-content\/uploads\/2025\/10\/kalici-sok-dokulme.webp 593w, http:\/\/hairtransplantationbeforeafter.com\/wp-content\/uploads\/2025\/10\/kalici-sok-dokulme-260x300.webp 260w\" sizes=\"auto, (max-width: 593px) 100vw, 593px\" \/><\/figure>\n\n\n\n<h2 class=\"wp-block-heading\"><span class=\"ez-toc-section\" id=\"Sok_Dokulme_Ne_Zaman_Baslar\"><\/span>\u015eok D\u00f6k\u00fclme Ne Zaman Ba\u015flar?<span class=\"ez-toc-section-end\"><\/span><\/h2>\n\n\n\n<p>Y\u0131kamadan 10 g\u00fcn sonra ekilen sa\u00e7lar kabuklardan tamamen temizlenmi\u015f olur. Hastalar genelde 10 g\u00fcnl\u00fck g\u00f6r\u00fcnt\u00fcden olduk\u00e7a mutlu olurlar. Hatta &#8220;ke\u015fke bu \u015fekilde kalsa&#8221; diye d\u00fc\u015f\u00fcn\u00fcrler. Fakat maalesef hep b\u00f6yle devam etmez. Ekimden 2 hafta sonra (15 &#8211; 20. g\u00fcnler aras\u0131) yava\u015f yava\u015f d\u00f6k\u00fclmeler ba\u015flar. Bu d\u00f6nem 3 aya kadar devam edebilir. <\/p>\n\n\n\n<figure class=\"wp-block-image size-full\"><img loading=\"lazy\" decoding=\"async\" width=\"750\" height=\"422\" src=\"http:\/\/hairtransplantationbeforeafter.com\/wp-content\/uploads\/2025\/10\/2-aylik-sok-dokulme.webp\" alt=\"bir erke\u011fin 10 g\u00fcnl\u00fck ve 2 ayl\u0131k \u015fok d\u00f6k\u00fclmeyi g\u00f6steren sa\u00e7 ekimi foto\u011fraf\u0131\" class=\"wp-image-24477\" srcset=\"http:\/\/hairtransplantationbeforeafter.com\/wp-content\/uploads\/2025\/10\/2-aylik-sok-dokulme.webp 750w, http:\/\/hairtransplantationbeforeafter.com\/wp-content\/uploads\/2025\/10\/2-aylik-sok-dokulme-300x169.webp 300w\" sizes=\"auto, (max-width: 750px) 100vw, 750px\" \/><\/figure>\n\n\n\n<h3 class=\"wp-block-heading\">\u015eok d\u00f6k\u00fclme d\u00f6neminin zaman periyodu<\/h3>\n\n\n\n<p>2. haftada ba\u015flayan bu d\u00f6nem 3. ay sonuna kadar devam edebilir. Bu a\u015famada neler olaca\u011f\u0131na bakarsak:<\/p>\n\n\n\n<p><strong>2-3 Hafta:<\/strong> 10. g\u00fcnden sonra faz de\u011fi\u015fikli\u011fine ba\u011fl\u0131 olarak ekilen incelme ba\u015flar. 2. haftadan itibaren ise sa\u00e7larda yava\u015f yava\u015f belirsiz bir d\u00f6k\u00fclme ba\u015flar. 3. haftada ise d\u00f6k\u00fclme h\u0131zlanarak devam eder.<\/p>\n\n\n\n<p><strong>4.Hafta (1 ay) :<\/strong> H\u0131zl\u0131 bir \u015fekilde devam eder. Bir \u00e7ok hasta &#8220;acaba d\u00f6k\u00fclen sa\u00e7lar\u0131m tekrar \u00e7\u0131kacak m\u0131&#8221; diye endi\u015feye kap\u0131l\u0131r. Endi\u015fe etmeyin ve stres yapmay\u0131n.<\/p>\n\n\n\n<p><strong>4-8. Hafta (2-3 Ay):<\/strong> 2 ay sonunda \u015fok d\u00f6k\u00fclme zirveye ula\u015fm\u0131\u015ft\u0131r. Baz\u0131 ki\u015filerde ekilen sa\u00e7lar\u0131n tamam\u0131na yak\u0131n\u0131n d\u00f6k\u00fcld\u00fc\u011f\u00fc g\u00f6r\u00fcl\u00fcr. Bu 3. aya kadar devam edebilir.<\/p>\n\n\n\n<p>A\u015fa\u011f\u0131da \u015fok d\u00f6k\u00fclmesi olan bir hastan\u0131n 3 ayl\u0131k foto\u011fraf\u0131n\u0131 g\u00f6rebilirsiniz.<\/p>\n\n\n\n<figure class=\"wp-block-image size-full\"><img loading=\"lazy\" decoding=\"async\" width=\"750\" height=\"422\" src=\"http:\/\/hairtransplantationbeforeafter.com\/wp-content\/uploads\/2025\/10\/sac-eki-oncesi-ve-3.-ay.webp\" alt=\"sa\u00e7 ekimi \u00f6ncesi ve \u015fok d\u00f6k\u00fclme ya\u015fayan hastan\u0131n 3 ayl\u0131k g\u00f6r\u00fcnt\u00fcs\u00fc\" class=\"wp-image-24325\" srcset=\"http:\/\/hairtransplantationbeforeafter.com\/wp-content\/uploads\/2025\/10\/sac-eki-oncesi-ve-3.-ay.webp 750w, http:\/\/hairtransplantationbeforeafter.com\/wp-content\/uploads\/2025\/10\/sac-eki-oncesi-ve-3.-ay-300x169.webp 300w\" sizes=\"auto, (max-width: 750px) 100vw, 750px\" \/><\/figure>\n\n\n\n<p><strong>4. ay: <\/strong> Art\u0131k \u015fok d\u00f6nemi tamamlanm\u0131\u015f ve yeni sa\u00e7lar\u0131n \u00e7\u0131k\u0131\u015f\u0131 ba\u015flam\u0131\u015ft\u0131r. \u0130lk \u00e7\u0131kan sa\u00e7lar ince ve zay\u0131ft\u0131r.<\/p>\n\n\n\n<p><strong>6 -12. Ay<\/strong>: 6 ay sonunda ekilen sa\u00e7lar\u0131n en az yar\u0131s\u0131 \u00e7\u0131km\u0131\u015f olur. Zamanla sa\u00e7larda hem say\u0131sal art\u0131\u015f devam eder, hem de kal\u0131nla\u015fma meydana gelir. 1 y\u0131l sonunda sa\u00e7lardaki \u00e7\u0131k\u0131\u015f oran\u0131n\u0131n en az %95 olmas\u0131 beklenir.<\/p>\n\n\n\n<p>Yukar\u0131daki resimde 3 ayl\u0131k \u015fok g\u00f6r\u00fcnt\u00fcs\u00fc olan hastan\u0131n 1 y\u0131l sonraki sonucuna bakabilirsiniz.<\/p>\n\n\n\n<figure class=\"wp-block-image size-full\"><img loading=\"lazy\" decoding=\"async\" width=\"750\" height=\"422\" src=\"http:\/\/hairtransplantationbeforeafter.com\/wp-content\/uploads\/2025\/10\/sac-ekiminden-once-ve-sonra.webp\" alt=\"sa\u00e7 ekiminden \u00f6nce ve 1 y\u0131l sonras\u0131 g\u00f6r\u00fcnt\u00fc\" class=\"wp-image-24326\" srcset=\"http:\/\/hairtransplantationbeforeafter.com\/wp-content\/uploads\/2025\/10\/sac-ekiminden-once-ve-sonra.webp 750w, http:\/\/hairtransplantationbeforeafter.com\/wp-content\/uploads\/2025\/10\/sac-ekiminden-once-ve-sonra-300x169.webp 300w\" sizes=\"auto, (max-width: 750px) 100vw, 750px\" \/><\/figure>\n\n\n\n<h2 class=\"wp-block-heading\"><span class=\"ez-toc-section\" id=\"Sok_Dokulmeyi_Arttiran_veya_Azaltan_Faktorler\"><\/span>\u015eok D\u00f6k\u00fclmeyi Artt\u0131ran veya Azaltan Fakt\u00f6rler<span class=\"ez-toc-section-end\"><\/span><\/h2>\n\n\n\n<p>\u015eunu unutmayal\u0131m ki \u015fok d\u00f6k\u00fclme hi\u00e7 bir \u015fekilde tam olarak \u00f6nlenemez ve sa\u00e7 ektiren her ki\u015fide ayn\u0131 seviyede olmaz. Yani sa\u00e7 ekimi sonras\u0131nda y\u00fczde olarak bir d\u00f6k\u00fclme oran\u0131 vermek do\u011fru olmaz. Baz\u0131 ki\u015filer bu devreyi \u00e7ok az bir d\u00f6k\u00fclmeyle atlatabilir. Baz\u0131lar\u0131nda ise ekile sa\u00e7lar\u0131n tamam\u0131na yak\u0131n\u0131nda d\u00f6k\u00fclme ya\u015fanabilir. Fakat sa\u00e7 ekimi yapan cerrahlar\u0131n deneyimlerine g\u00f6re d\u00f6k\u00fclme \u015fiddetini azaltan ya da artt\u0131ran baz\u0131 fakt\u00f6rler tespit edilmi\u015ftir. Bu fakt\u00f6rler \u015funlard\u0131r:<\/p>\n\n\n\n<ol class=\"wp-block-list\">\n<li>Ya\u015f ve Cinsiyet<\/li>\n\n\n\n<li>Finasterid ve Minoksidil ( sa\u00e7 ekiminden \u00f6nce ve sonra)<\/li>\n\n\n\n<li>Doktorun cerrahi deneyimi<\/li>\n\n\n\n<li>Greft Say\u0131s\u0131 ve Operasyon S\u00fcresi:<\/li>\n\n\n\n<li>Lokal anestezi ve adrenalin dozu<\/li>\n\n\n\n<li>Al\u0131c\u0131 b\u00f6lgedeki kesilerin a\u00e7\u0131s\u0131<\/li>\n\n\n\n<li>A\u00e7\u0131lan Kesilerin Boyutu<\/li>\n\n\n\n<li>Greft Yo\u011funlu\u011fu<\/li>\n<\/ol>\n\n\n\n<p>\u015eimdi bu fakt\u00f6rleri bira daha ayr\u0131nt\u0131l\u0131 olarak inceleyelim.<\/p>\n\n\n\n<ol class=\"wp-block-list\">\n<li><strong>Ya\u015f ve Cinsiyet:<\/strong> Erken ya\u015flarda yap\u0131lan sa\u00e7 ekimlerinde \u015fok d\u00f6k\u00fclmenin daha fazla oldu\u011fu tespit edilmi\u015ftir. \u00c7\u00fcnk\u00fc gen\u00e7 ya\u015flarda androjenik aktivite daha y\u00fcksektir. Bu da sa\u00e7larda hormonal bir bask\u0131 olu\u015fturur. Fakat bu kesin bir kural de\u011fildir. Ayr\u0131ca \u015fok d\u00f6k\u00fclmenin kad\u0131nlara g\u00f6re erkeklerde daha y\u00fcksek oranda g\u00f6r\u00fcld\u00fc\u011f\u00fc tespit edilmi\u015ftir.<\/li>\n\n\n\n<li><strong>Finasterid ve Minoksidil Kullan\u0131m\u0131:<\/strong> Sa\u00e7 ekimi \u00f6ncesinde ve sonras\u0131nda finasterid ve minoksidil kullanan hastalarda \u015fok d\u00f6k\u00fclmenin daha az g\u00f6r\u00fcld\u00fc\u011f\u00fc bilimsel olarak ispatlanm\u0131\u015ft\u0131r. Finasterid hormonal mekanizmayla testesteron bask\u0131s\u0131n\u0131 azaltaca\u011f\u0131 i\u00e7in \u015foka kar\u015f\u0131 olan diren\u00e7 artar. Minoksidil de ise i\u015flem yap\u0131lan b\u00f6lgede kan ak\u0131m\u0131 artaca\u011f\u0131ndan sa\u00e7lar\u0131n kan yoluyla beslenmesi arta ve \u015fok d\u00f6k\u00fclme oran\u0131 azal\u0131r.<\/li>\n\n\n\n<li><strong>Cerrah\u0131n Deneyimi:<\/strong> Bundan sonraki belirtece\u011fimiz fakt\u00f6rlerin hepsi sa\u00e7 ekiminizi yapacak cerrah\u0131n deneyimine ba\u011fl\u0131d\u0131r. \u0130yi bir sa\u00e7 ekimi cerrah\u0131, t\u0131bbi kurallara uygun olarak operasyonu ger\u00e7ekle\u015ftirir. Bu da kal\u0131c\u0131 \u015fok d\u00f6k\u00fclme riskini minimuma indirir. <\/li>\n\n\n\n<li><strong>Greft Say\u0131s\u0131 ve Operasyon S\u00fcresi:<\/strong> Greft say\u0131s\u0131 artt\u0131k\u00e7a operasyon s\u00fcresi uzayacakt\u0131r. S\u00fcre uzay\u0131nca da don\u00f6r ve al\u0131c\u0131 b\u00f6lgeye uygulanacak lokal anestezi dozu da artacakt\u0131r. Dolay\u0131s\u0131yla sa\u00e7l\u0131 b\u00f6lgede meydana gelen travma artm\u0131\u015f olur. Bunlar birbirini zincirleme olarak tetikleyen durumlard\u0131r. Bir sa\u00e7 ekimi en fazla 8 saat i\u00e7erisinde tamamlanmal\u0131d\u0131r. Bu s\u00fcre i\u00e7erisinde ise ortalama 2000 &#8211; 2500 greft sa\u00e7 ekim yap\u0131labilir. E\u011fer 4000-5000 gibi  y\u00fcksek say\u0131da greft al\u0131m\u0131 planlan\u0131yorsa bunu 2 g\u00fcne b\u00f6lmek do\u011fru olacakt\u0131r. \u00c7\u00fcnk\u00fc greft say\u0131s\u0131 y\u00fcksek olan ve uzun s\u00fcren operasyonlarda, sa\u00e7lar\u0131n \u015foka u\u011frama olas\u0131l\u0131\u011f\u0131 daha da artacakt\u0131r. Don\u00f6r b\u00f6lge kapasitesi a\u015f\u0131larak a\u015f\u0131r\u0131 miktarda greft al\u0131m\u0131 yap\u0131l\u0131rsa don\u00f6r b\u00f6lgede kal\u0131c\u0131 ve istenmeyen k\u00f6t\u00fc g\u00f6r\u00fcnt\u00fc olu\u015facakt\u0131r.<\/li>\n\n\n\n<li><strong>Lokal anestezi ve adrenalin dozu: <\/strong>Lokal anestezikler i\u00e7erisinde bulunan adrenalin damarlar\u0131 daralt\u0131r ve olabilecek kanamay\u0131 minimuma indirir. Fakat s\u00fcre uzarsa tekrar anestezi yapmak gerekir. Bu da adrenalin dozunun artmas\u0131 demektir. Kan damarlar\u0131n\u0131n uzun s\u00fcre daralmas\u0131na ba\u011fl\u0131 olarak kan ak\u0131\u015f\u0131 azal\u0131r, dokunun beslenmesi bozulur ve dokuda iskemi meydana gelir. Bu da o b\u00f6lgede nekroz riskini artt\u0131r\u0131r. Nekroz sa\u00e7 ekiminde dokunun oksijensiz kalmas\u0131ndan kaynaklanan istenmeyen bir komplikasyondur. Bu durum hem don\u00f6r b\u00f6lgede hem de al\u0131c\u0131 b\u00f6lgece kal\u0131c\u0131 sa\u00e7 d\u00f6k\u00fclmesine neden olabilir. Yani sa\u00e7 ekiminde y\u00fcksek dozlarda lokal anestezik kullan\u0131lmas\u0131 do\u011fru de\u011fildir. \u00c7\u00fcnk\u00fc bu \u015fok d\u00f6k\u00fclmeyi artt\u0131ran bir nedendir. DHI y\u00f6ntemiyle yap\u0131lan ekimlerde ise kanama az olaca\u011f\u0131ndan fazladan adrenalin kullan\u0131m\u0131na gerek yoktur. Bundan dolay\u0131 DHI y\u00f6nteminde nekroz ve kal\u0131c\u0131 sa\u00e7 d\u00f6k\u00fclme riski olduk\u00e7a d\u00fc\u015f\u00fckt\u00fcr.<\/li>\n\n\n\n<li><strong>Ekim B\u00f6lgesindeki Kesilerin A\u00e7\u0131s\u0131:<\/strong> Seyrek sa\u00e7lar\u0131n aralar\u0131na s\u0131kla\u015ft\u0131rma ekimi yap\u0131lacaksa bu \u00e7ok \u00f6nemlidir. A\u00e7\u0131lan kesilerin a\u00e7\u0131s\u0131 mevcut sa\u00e7lar\u0131n a\u00e7\u0131s\u0131na paralel olmal\u0131d\u0131r. Aksi takdirde \u00e7evredeki kom\u015fu sa\u00e7 k\u00f6kleri zarar g\u00f6r\u00fcr. Ve ge\u00e7ici olan \u015fok d\u00f6k\u00fclme kal\u0131c\u0131 hale gelebilir.<\/li>\n\n\n\n<li><strong>A\u00e7\u0131lan Kesilerin Boyutu:<\/strong> Kesi a\u00e7mak i\u00e7in kullan\u0131lan i\u011fne ucu ya da b\u0131\u00e7aklar\u0131n \u00e7ap\u0131 gerekenden fazla ise zaten kesiler aras\u0131 mesafe uzak olur. Bu da d\u00fc\u015f\u00fck yo\u011funlukta bir sa\u00e7 ekimine neden olur. Dara alanda geni\u015f \u00e7apl\u0131 b\u0131\u00e7aklarla yap\u0131lan kesilerde daha fazla travma meydana gelir. Daha fazla damar hasar\u0131 olan b\u00f6lgede  \u015foka u\u011frayan sa\u00e7lar\u0131n kal\u0131c\u0131 olarak d\u00f6k\u00fclme riski de artacakt\u0131r.<\/li>\n\n\n\n<li><strong>Greft Yo\u011funlu\u011fu:<\/strong> 1 cm<sup>2<\/sup> ba\u015f\u0131na d\u00fc\u015fen greft say\u0131s\u0131 artt\u0131k\u00e7a kal\u0131c\u0131 ya da ge\u00e7ici \u015fok d\u00f6k\u00fclme olas\u0131l\u0131\u011f\u0131 da artacakt\u0131r. Bundan dolay\u0131 da m\u00fcmk\u00fcn olan en k\u00fc\u00e7\u00fck boyutta kesiler olu\u015fturarak daha yo\u011fun bir sa\u00e7 nakli daha do\u011fru bir tercihtir. Bir seansta k\u00fc\u00e7\u00fck kesiler olu\u015fturarak 1 santimetrekareye ortalama 40 greft yerle\u015ftirerek ideal bir yo\u011funluk sa\u011flanabilir. E\u011fer daha fazla yo\u011funluk isteniyorsa 1 y\u0131l sonra ikinci bir seans sa\u00e7 ekimi planlamak daha do\u011fru olacakt\u0131r.<\/li>\n<\/ol>\n\n\n\n<h3 class=\"wp-block-heading\">Ge\u00e7ici ve Kal\u0131c\u0131 D\u00f6k\u00fclme Aras\u0131ndaki Farklar<\/h3>\n\n\n\n<p>Ge\u00e7ici olan \u015fok d\u00f6k\u00fclme, sa\u00e7 ekiminden 2-3 hafta sonra ba\u015flar ve iyile\u015fme d\u00f6neminin bir a\u015famas\u0131 olarak kabul edilir. Fakat operasyon s\u0131ras\u0131nda yap\u0131lan bariz hatalara ba\u011fl\u0131 olan bir d\u00f6k\u00fclme varsa, bu sa\u00e7lar kal\u0131c\u0131 olarak d\u00f6k\u00fclebilir ve bir daha \u00e7\u0131kmayabilir. \u015eimdi bu iki d\u00f6k\u00fclme \u015fekli ve aras\u0131ndaki farklar\u0131 tablo halinde \u00f6zetleyelim.<\/p>\n\n\n\n<figure class=\"wp-block-table\"><table class=\"has-fixed-layout\"><thead><tr><th><strong>\u00d6zellik<\/strong><\/th><th><strong>Do\u011fal \u015eok D\u00f6k\u00fclme<\/strong><\/th><th><strong>Kal\u0131c\u0131 D\u00f6k\u00fclme (Hatal\u0131 Sa\u00e7 Ekimi)<\/strong><\/th><\/tr><\/thead><tbody><tr><td><strong>Don\u00f6r B\u00f6lge<\/strong><\/td><td>Greft al\u0131m\u0131 do\u011fru ve dengeli yap\u0131l\u0131rsa, don\u00f6r b\u00f6lgede d\u00f6k\u00fclme olmaz.<\/td><td>Hatal\u0131 sa\u00e7  grefti al\u0131m\u0131na ba\u011fl\u0131 kal\u0131c\u0131 \u015fekil bozuklu\u011fu olu\u015fabilir.<\/td><\/tr><tr><td><strong>Al\u0131c\u0131 B\u00f6lge<\/strong><\/td><td>D\u00f6k\u00fclmeler olur fakat d\u00f6k\u00fclen sa\u00e7 folik\u00fcl\u00fc zarar g\u00f6rmez. Bunlar tekrar \u00e7\u0131kar.<\/td><td>Hatal\u0131 ekime ba\u011fl\u0131 nekroz alanlar\u0131 olu\u015fabilir. D\u00f6k\u00fclen sa\u00e7lar tekrar \u00e7\u0131kmaz.<\/td><\/tr><tr><td><strong>S\u00fcre<\/strong><\/td><td>Ge\u00e7ici bir durumdur. 3-4 ay sonra sa\u00e7 \u00e7\u0131k\u0131\u015f\u0131 ba\u015flar.<\/td><td>Yeni sa\u00e7 \u00e7\u0131k\u0131\u015f\u0131 olmaz.<\/td><\/tr><tr><td><strong>G\u00f6r\u00fcnt\u00fc<\/strong><\/td><td>Yeni sa\u00e7lar \u00e7\u0131kmaya ba\u015flad\u0131\u011f\u0131nda ince fakat homojen bir g\u00f6r\u00fcnt\u00fc olu\u015fur.<\/td><td>Yama tarz\u0131 bo\u015f nekrotik b\u00f6lgeler g\u00f6r\u00fcl\u00fcr.<\/td><\/tr><tr><td><strong>B\u00fcy\u00fcme<\/strong><\/td><td>Sa\u00e7lar dengeli bir \u015fekilde b\u00fcy\u00fcr ve kal\u0131nla\u015f\u0131r.<\/td><td>Sa\u00e7 folik\u00fclleri kal\u0131c\u0131 hasar g\u00f6rd\u00fc\u011f\u00fcnden sa\u00e7 \u00e7\u0131k\u0131\u015f\u0131 olmaz ve b\u00fcy\u00fcmez.<\/td><\/tr><\/tbody><\/table><\/figure>\n\n\n\n<p>A\u015fa\u011f\u0131da bir hastan\u0131n 3 ayl\u0131k \u015fok d\u00f6k\u00fclme ve 1 y\u0131l sonraki g\u00f6r\u00fcnt\u00fcs\u00fcne bakabilirsiniz.<\/p>\n\n\n\n<figure class=\"wp-block-image size-full\"><img loading=\"lazy\" decoding=\"async\" width=\"750\" height=\"422\" src=\"http:\/\/hairtransplantationbeforeafter.com\/wp-content\/uploads\/2025\/10\/sok-dokulme-ve-sonuc.webp\" alt=\"3 ayl\u0131k \u015fok d\u00f6k\u00fclme ve 1 y\u0131l sonras\u0131\" class=\"wp-image-24324\" srcset=\"http:\/\/hairtransplantationbeforeafter.com\/wp-content\/uploads\/2025\/10\/sok-dokulme-ve-sonuc.webp 750w, http:\/\/hairtransplantationbeforeafter.com\/wp-content\/uploads\/2025\/10\/sok-dokulme-ve-sonuc-300x169.webp 300w\" sizes=\"auto, (max-width: 750px) 100vw, 750px\" \/><\/figure>\n\n\n\n<h3 class=\"wp-block-heading\">\u015eok D\u00f6k\u00fclme D\u00f6neminde  Ne Yapmal\u0131s\u0131n\u0131z?<\/h3>\n\n\n\n<p>Bu s\u00fcreci en hafif \u015fekilde atlatabilmeniz i\u00e7in baz\u0131 tavsiyelere uyman\u0131z size fayda sa\u011flayacakt\u0131r.<\/p>\n\n\n\n<ul class=\"wp-block-list\">\n<li>Doktorunuzun tavsiyelerine uyun. Size verilen ila\u00e7lar\u0131 d\u00fczenli olarak kullan\u0131n. Minoksidil ve Finasterid&#8217;in \u015fok d\u00f6k\u00fclmeyi azalt\u0131c\u0131 etkisinden daha \u00f6nce bahsetmi\u015ftik.<\/li>\n\n\n\n<li>\u00d6zellikle ilk 1 ay terlemeyi artt\u0131ran yorucu aktivitelerden uzak durun. Sa\u00e7l\u0131 b\u00f6lgede travma riskini artt\u0131rabilecek a\u011f\u0131r egzersizlere en az 1 ay s\u00fcreyle ara verin.<\/li>\n\n\n\n<li>\u0130lk 10 g\u00fcn sa\u00e7\u0131n\u0131z\u0131  bebek ba\u015f\u0131n\u0131 ok\u015far gibi nazik\u00e7e y\u0131kay\u0131n ve sert y\u0131kamaktan ka\u00e7\u0131n\u0131n. \u0130lk y\u0131kamalarda s\u00fclfat i\u00e7eren kimyasal i\u00e7erikli \u015fampuanlar kullanmay\u0131n.<\/li>\n\n\n\n<li>10. g\u00fcnden sonra kafan\u0131za nazik\u00e7e masaj  yapabilirsiniz. Bu kan ak\u0131\u015f\u0131n\u0131n artmas\u0131na fayda edebilir. Kan ak\u0131\u015f\u0131n\u0131n art\u0131\u015f\u0131yla sa\u00e7lar\u0131n kan yoluyla beslenebilmesi de artacakt\u0131r.<\/li>\n\n\n\n<li>Sa\u00e7 ekiminden sonra PRP tedavisi sa\u00e7 b\u00fcy\u00fcmesini h\u0131zland\u0131rabilir.<\/li>\n\n\n\n<li><strong>Stres yapmay\u0131n: <\/strong>Operasyondan sonra sa\u00e7lar\u0131n d\u00f6k\u00fclmesi iyile\u015fme d\u00f6neminde g\u00f6r\u00fclen normal bir durumdur. Sa\u00e7 ektiren herkes az ya da \u00e7ok \u015fok d\u00f6k\u00fclmeyi ya\u015fayacakt\u0131r. \u015eok d\u00f6k\u00fclme donemi bittikten sonra da art\u0131k yapaca\u011f\u0131n\u0131z tek \u015fey sab\u0131rla beklemek olacakt\u0131r.<\/li>\n<\/ul>\n\n\n\n<h2 class=\"wp-block-heading\"><span class=\"ez-toc-section\" id=\"SIK_SORULAN_SORULAR\"><\/span>SIK SORULAN SORULAR<span class=\"ez-toc-section-end\"><\/span><\/h2>\n\n\n<div id=\"rank-math-faq\" class=\"rank-math-block\">\n<div class=\"rank-math-list \">\n<div id=\"faq-question-1762004235642\" class=\"rank-math-list-item\">\n<h3 class=\"rank-math-question \">\u015eok D\u00f6k\u00fclme \u00d6nlenebilir mi?<\/h3>\n<div class=\"rank-math-answer \">\n\n<p>Sa\u00e7 ekimi yapt\u0131ran herke bu d\u00f6nemi mutlaka ya\u015far. \u015eok d\u00f6k\u00fclme kesin olarak \u00f6nlenemez. Fakat deneyimli bir sa\u00e7 ekim doktoru operasyonu do\u011fru bir \u015fekilde yaparsa, d\u00f6k\u00fclme minimum d\u00fczeyde olabilir.<\/p>\n\n<\/div>\n<\/div>\n<div id=\"faq-question-1762004264518\" class=\"rank-math-list-item\">\n<h3 class=\"rank-math-question \">\u015eok D\u00f6k\u00fclme Kal\u0131c\u0131 m\u0131d\u0131r?<\/h3>\n<div class=\"rank-math-answer \">\n\n<p>Sa\u00e7 ekiminden sonra normal olarak sa\u00e7 d\u00f6k\u00fcl\u00fcr ve bunlar  3-4 ay sonra tekrar \u00e7\u0131kmaya ba\u015flar. Fakat deneyimsiz ki\u015filerce yap\u0131lan operasyonlarda sa\u00e7 folik\u00fclleri zarar g\u00f6r\u00fcrse bu sa\u00e7lar d\u00f6k\u00fcl\u00fcr ve kal\u0131c\u0131 olarak \u00e7\u0131kmaz. AHD klinikte yap\u0131lan operasyonlarda \u015fok d\u00f6k\u00fclme minimal d\u00fczeyde olur. \u00c7\u00fcnk\u00fc b\u00fct\u00fcn operasyonlar kurallara uygun bir \u015fekilde yap\u0131l\u0131r. Klini\u011fimizde kal\u0131c\u0131 d\u00f6k\u00fclme olay\u0131n\u0131 hi\u00e7 ya\u015famad\u0131k.<\/p>\n\n<\/div>\n<\/div>\n<div id=\"faq-question-1762004328573\" class=\"rank-math-list-item\">\n<h3 class=\"rank-math-question \">\u015eok D\u00f6k\u00fclme sa\u00e7 ekiminde ba\u015far\u0131 oran\u0131n\u0131 etkiler mi?<\/h3>\n<div class=\"rank-math-answer \">\n\n<p>Ge\u00e7ici olan d\u00f6k\u00fclmelerin sonuca  bir etkisi yoktur. Sa\u00e7lar yine \u00e7\u0131kacakt\u0131r. Fakat don\u00f6r b\u00f6lgeden telogen faz\u0131ndaki d\u00f6k\u00fclmeye meyilli sa\u00e7lar al\u0131n\u0131rsa bu sa\u00e7lar ekildikten sonra geri gelmeyebilir. Bunun i\u00e7in don\u00f6r b\u00f6lgeden kal\u0131n ve g\u00fc\u00e7l\u00fc sa\u00e7lar\u0131n al\u0131nmas\u0131 gerekir.<\/p>\n\n<\/div>\n<\/div>\n<div id=\"faq-question-1762004411774\" class=\"rank-math-list-item\">\n<h3 class=\"rank-math-question \">\u015eok D\u00f6k\u00fclme Ne Kadar S\u00fcrer?<\/h3>\n<div class=\"rank-math-answer \">\n\n<p>Genellikle 2. haftadan sonra ba\u015flayan d\u00f6k\u00fclmeler 3. aya kadar devam edebilir. 2 ay sonunda ekilen sa\u00e7lar\u0131n b\u00fcy\u00fck \u00e7o\u011funlu\u011funda d\u00f6k\u00fclme beklenir.<\/p>\n\n<\/div>\n<\/div>\n<div id=\"faq-question-1762004441503\" class=\"rank-math-list-item\">\n<h3 class=\"rank-math-question \">Sa\u00e7 Ekiminden Sonra Kendi Sa\u00e7lar\u0131mda D\u00f6k\u00fcl\u00fcr m\u00fc?<\/h3>\n<div class=\"rank-math-answer \">\n\n<p>Seyrek sa\u00e7lara s\u0131kla\u015ft\u0131rma yap\u0131l\u0131rken ekilen sa\u00e7lar\u0131n bir k\u0131sm\u0131 d\u00f6k\u00fclebilir. E\u011fer kendi sa\u00e7 k\u00f6klerinize zarar verilmemi\u015fse bu sa\u00e7lar da yeniden \u00e7\u0131kar.<\/p>\n\n<\/div>\n<\/div>\n<div id=\"faq-question-1762004494422\" class=\"rank-math-list-item\">\n<h3 class=\"rank-math-question \">D\u00f6k\u00fclen Sa\u00e7lar\u0131n \u015eekli nas\u0131ld\u0131r?<\/h3>\n<div class=\"rank-math-answer \">\n\n<p>Sa\u00e7 ekiminden sonra sa\u00e7lar\u0131n d\u00f6k\u00fclme \u015fekli 3 \u015fekilde olabilir. L (baston) \u015feklinde I ya da J \u015feklinde sa\u00e7 d\u00f6k\u00fclmesi g\u00f6r\u00fclebilir.<\/p>\n\n<\/div>\n<\/div>\n<div id=\"faq-question-1762004870316\" class=\"rank-math-list-item\">\n<h3 class=\"rank-math-question \">Sa\u00e7 Ekiminden Sonra Hi\u00e7 D\u00f6k\u00fclme Olmayabilir mi?<\/h3>\n<div class=\"rank-math-answer \">\n\n<p>Sa\u00e7 ekiminden sonra mutlaka sa\u00e7lar\u0131n bir k\u0131sm\u0131 \u015foka girer ve d\u00f6k\u00fcl\u00fcr. Baz\u0131 ki\u015filerde sa\u00e7lar\u0131n tamam\u0131na yak\u0131n\u0131 d\u00f6k\u00fcl\u00fcr. Baz\u0131lar\u0131nda ise en fazla %10 luk k\u0131sm\u0131 d\u00f6k\u00fclebilir. Bu oran fazla hissedilmedi\u011finden baz\u0131 ki\u015filer sa\u00e7lar\u0131n\u0131n ekimden sonra hi\u00e7 d\u00f6k\u00fclmedi\u011fini d\u00fc\u015f\u00fcn\u00fcrler. D\u00f6k\u00fclme olmazsa ya da az olursa istenilen sonuca daha \u00e7abuk ula\u015f\u0131l\u0131r.<\/p>\n\n<\/div>\n<\/div>\n<div id=\"faq-question-1762011546605\" class=\"rank-math-list-item\">\n<h3 class=\"rank-math-question \">\u015eok d\u00f6k\u00fclme erken ba\u015flarsa bu iyi midir?<\/h3>\n<div class=\"rank-math-answer \">\n\n<p>D\u00f6k\u00fclmenin erken ya da ge\u00e7 ba\u015flamas\u0131n\u0131n sonuca pozitif ya da negatif bir etkisi yoktur. Bu konuda bilimsel bir kan\u0131t yay\u0131nlanmam\u0131\u015ft\u0131r.<\/p>\n\n<\/div>\n<\/div>\n<\/div>\n<\/div>","protected":false},"excerpt":{"rendered":"<p>Sa\u00e7 ekiminden sonra ekilen sa\u00e7lar\u0131n bir k\u0131sm\u0131 baz\u0131 nedenlerden dolay\u0131 d\u00f6k\u00fclebilir. Bu nedenlerin en ba\u015f\u0131nda sa\u00e7lar\u0131n travmaya u\u011framas\u0131 gelmektedir. \u0130\u015fte [&hellip;]<\/p>\n","protected":false},"author":2,"featured_media":24321,"comment_status":"closed","ping_status":"closed","sticky":false,"template":"","format":"standard","meta":{"_acf_changed":false,"tpgb_global_settings":"","_eb_attr":"","_eb_data_table":"","site-sidebar-layout":"default","site-content-layout":"","ast-site-content-layout":"default","site-content-style":"default","site-sidebar-style":"default","ast-global-header-display":"","ast-banner-title-visibility":"","ast-main-header-display":"","ast-hfb-above-header-display":"","ast-hfb-below-header-display":"","ast-hfb-mobile-header-display":"","site-post-title":"","ast-breadcrumbs-content":"","ast-featured-img":"","footer-sml-layout":"","theme-transparent-header-meta":"","adv-header-id-meta":"","stick-header-meta":"","header-above-stick-meta":"","header-main-stick-meta":"","header-below-stick-meta":"","astra-migrate-meta-layouts":"default","ast-page-background-enabled":"default","ast-page-background-meta":{"desktop":{"background-color":"var(--ast-global-color-5)","background-image":"","background-repeat":"repeat","background-position":"center center","background-size":"auto","background-attachment":"scroll","background-type":"","background-media":"","overlay-type":"","overlay-color":"","overlay-opacity":"","overlay-gradient":""},"tablet":{"background-color":"","background-image":"","background-repeat":"repeat","background-position":"center center","background-size":"auto","background-attachment":"scroll","background-type":"","background-media":"","overlay-type":"","overlay-color":"","overlay-opacity":"","overlay-gradient":""},"mobile":{"background-color":"","background-image":"","background-repeat":"repeat","background-position":"center center","background-size":"auto","background-attachment":"scroll","background-type":"","background-media":"","overlay-type":"","overlay-color":"","overlay-opacity":"","overlay-gradient":""}},"ast-content-background-meta":{"desktop":{"background-color":"var(--ast-global-color-4)","background-image":"","background-repeat":"repeat","background-position":"center center","background-size":"auto","background-attachment":"scroll","background-type":"","background-media":"","overlay-type":"","overlay-color":"","overlay-opacity":"","overlay-gradient":""},"tablet":{"background-color":"var(--ast-global-color-4)","background-image":"","background-repeat":"repeat","background-position":"center center","background-size":"auto","background-attachment":"scroll","background-type":"","background-media":"","overlay-type":"","overlay-color":"","overlay-opacity":"","overlay-gradient":""},"mobile":{"background-color":"var(--ast-global-color-4)","background-image":"","background-repeat":"repeat","background-position":"center center","background-size":"auto","background-attachment":"scroll","background-type":"","background-media":"","overlay-type":"","overlay-color":"","overlay-opacity":"","overlay-gradient":""}},"footnotes":""},"categories":[27],"tags":[],"class_list":["post-24305","post","type-post","status-publish","format-standard","has-post-thumbnail","hentry","category-blog"],"acf":[],"tpgb_featured_images":{"full":["http:\/\/hairtransplantationbeforeafter.com\/wp-content\/uploads\/2025\/10\/sok-dokulme-3-ay.webp",750,422,false],"tp-image-grid":["http:\/\/hairtransplantationbeforeafter.com\/wp-content\/uploads\/2025\/10\/sok-dokulme-3-ay.webp",700,394,false],"thumbnail":["http:\/\/hairtransplantationbeforeafter.com\/wp-content\/uploads\/2025\/10\/sok-dokulme-3-ay-150x150.webp",150,150,true],"medium":["http:\/\/hairtransplantationbeforeafter.com\/wp-content\/uploads\/2025\/10\/sok-dokulme-3-ay-300x169.webp",300,169,true],"medium_large":["http:\/\/hairtransplantationbeforeafter.com\/wp-content\/uploads\/2025\/10\/sok-dokulme-3-ay.webp",750,422,false],"large":["http:\/\/hairtransplantationbeforeafter.com\/wp-content\/uploads\/2025\/10\/sok-dokulme-3-ay.webp",750,422,false],"default":"http:\/\/hairtransplantationbeforeafter.com\/wp-content\/plugins\/the-plus-addons-for-block-editor\/assets\/images\/tpgb-placeholder.jpg"},"tpgb_post_meta_info":{"get_date":"31 Ekim 2025","get_modified_date":"25 Kas\u0131m 2025","category_list":{"category":[{"term_id":27,"name":"Blog","slug":"blog","term_group":0,"term_taxonomy_id":27,"taxonomy":"category","description":"","parent":0,"count":21,"filter":"raw"}],"post_tag":false,"post_format":false},"author_name":"Dr. Hakan Doganay","author_url":"http:\/\/hairtransplantationbeforeafter.com\/tr\/author\/ahd\/","author_email":"sacekimi@gmail.com","author_website":"","author_description":"Dr. Hakan Do\u011fanay in Turkey. With 22 years of experience starting from 2003, Dr. Hakan Do\u011fanay is among the pioneering doctors in Turkey.","author_facebook":"","author_twitter":"","author_instagram":"","author_role":["administrator"],"author_firstname":"Dr. Hakan","author_lastname":"Doganay","user_login":"AHD","author_avatar":"<img alt='' src='https:\/\/secure.gravatar.com\/avatar\/0962d7b796652491e3aa69d35cd61f848d4ba6757b16cc3b6b92cf8b3ea9ded3?s=200&#038;d=mm&#038;r=g' srcset='https:\/\/secure.gravatar.com\/avatar\/0962d7b796652491e3aa69d35cd61f848d4ba6757b16cc3b6b92cf8b3ea9ded3?s=400&#038;d=mm&#038;r=g 2x' class='avatar avatar-200 photo' height='200' width='200' loading='lazy' decoding='async'\/>","author_avatar_url":"https:\/\/secure.gravatar.com\/avatar\/0962d7b796652491e3aa69d35cd61f848d4ba6757b16cc3b6b92cf8b3ea9ded3?s=96&d=mm&r=g","comment_count":0,"post_likes":0,"post_views":0},"tpgb_post_category":{"category":"<a href=\"http:\/\/hairtransplantationbeforeafter.com\/tr\/blog\/\" alt=\"Blog\" class=\"category-blog\">Blog<\/a> "},"_links":{"self":[{"href":"http:\/\/hairtransplantationbeforeafter.com\/tr\/wp-json\/wp\/v2\/posts\/24305","targetHints":{"allow":["GET"]}}],"collection":[{"href":"http:\/\/hairtransplantationbeforeafter.com\/tr\/wp-json\/wp\/v2\/posts"}],"about":[{"href":"http:\/\/hairtransplantationbeforeafter.com\/tr\/wp-json\/wp\/v2\/types\/post"}],"author":[{"embeddable":true,"href":"http:\/\/hairtransplantationbeforeafter.com\/tr\/wp-json\/wp\/v2\/users\/2"}],"replies":[{"embeddable":true,"href":"http:\/\/hairtransplantationbeforeafter.com\/tr\/wp-json\/wp\/v2\/comments?post=24305"}],"version-history":[{"count":29,"href":"http:\/\/hairtransplantationbeforeafter.com\/tr\/wp-json\/wp\/v2\/posts\/24305\/revisions"}],"predecessor-version":[{"id":26227,"href":"http:\/\/hairtransplantationbeforeafter.com\/tr\/wp-json\/wp\/v2\/posts\/24305\/revisions\/26227"}],"wp:featuredmedia":[{"embeddable":true,"href":"http:\/\/hairtransplantationbeforeafter.com\/tr\/wp-json\/wp\/v2\/media\/24321"}],"wp:attachment":[{"href":"http:\/\/hairtransplantationbeforeafter.com\/tr\/wp-json\/wp\/v2\/media?parent=24305"}],"wp:term":[{"taxonomy":"category","embeddable":true,"href":"http:\/\/hairtransplantationbeforeafter.com\/tr\/wp-json\/wp\/v2\/categories?post=24305"},{"taxonomy":"post_tag","embeddable":true,"href":"http:\/\/hairtransplantationbeforeafter.com\/tr\/wp-json\/wp\/v2\/tags?post=24305"}],"curies":[{"name":"wp","href":"https:\/\/api.w.org\/{rel}","templated":true}]}}