{"id":228,"date":"2025-03-05T13:48:19","date_gmt":"2025-03-05T10:48:19","guid":{"rendered":"https:\/\/crabsmedia.com.tr\/mc_ahdclinicc\/?p=228"},"modified":"2025-11-25T17:46:55","modified_gmt":"2025-11-25T14:46:55","slug":"tepe-bolgesine-sac-ekimi","status":"publish","type":"post","link":"http:\/\/hairtransplantationbeforeafter.com\/tr\/tepe-bolgesine-sac-ekimi\/","title":{"rendered":"Tepe B\u00f6lgesine Sa\u00e7 Ekimi"},"content":{"rendered":"\n<p>Tepe b\u00f6lgesine yap\u0131lan sa\u00e7 ekimi, a\u00e7\u0131 farkl\u0131l\u0131\u011f\u0131 gibi baz\u0131 \u00f6zelliklerden dolay\u0131 klasik ekimlere g\u00f6re farkl\u0131l\u0131k g\u00f6sterir. Bu yaz\u0131m\u0131zda tepe b\u00f6lgesindeki sa\u00e7lar\u0131n d\u00f6k\u00fclme nedeni ve tedavi y\u00f6ntemleri hakk\u0131nda bilgi vermeye \u00e7al\u0131\u015faca\u011f\u0131z.<\/p>\n\n\n\n<div id=\"ez-toc-container\" class=\"ez-toc-v2_0_78 counter-hierarchy ez-toc-counter ez-toc-grey ez-toc-container-direction\">\n<div class=\"ez-toc-title-container\">\n<p class=\"ez-toc-title\" style=\"cursor:inherit\">Table of Contents<\/p>\n<span class=\"ez-toc-title-toggle\"><a href=\"#\" class=\"ez-toc-pull-right ez-toc-btn ez-toc-btn-xs ez-toc-btn-default ez-toc-toggle\" aria-label=\"Toggle Table of Content\"><span class=\"ez-toc-js-icon-con\"><span class=\"\"><span class=\"eztoc-hide\" style=\"display:none;\">Toggle<\/span><span class=\"ez-toc-icon-toggle-span\"><svg style=\"fill: #999;color:#999\" xmlns=\"http:\/\/www.w3.org\/2000\/svg\" class=\"list-377408\" width=\"20px\" height=\"20px\" viewBox=\"0 0 24 24\" fill=\"none\"><path d=\"M6 6H4v2h2V6zm14 0H8v2h12V6zM4 11h2v2H4v-2zm16 0H8v2h12v-2zM4 16h2v2H4v-2zm16 0H8v2h12v-2z\" fill=\"currentColor\"><\/path><\/svg><svg style=\"fill: #999;color:#999\" class=\"arrow-unsorted-368013\" xmlns=\"http:\/\/www.w3.org\/2000\/svg\" width=\"10px\" height=\"10px\" viewBox=\"0 0 24 24\" version=\"1.2\" baseProfile=\"tiny\"><path d=\"M18.2 9.3l-6.2-6.3-6.2 6.3c-.2.2-.3.4-.3.7s.1.5.3.7c.2.2.4.3.7.3h11c.3 0 .5-.1.7-.3.2-.2.3-.5.3-.7s-.1-.5-.3-.7zM5.8 14.7l6.2 6.3 6.2-6.3c.2-.2.3-.5.3-.7s-.1-.5-.3-.7c-.2-.2-.4-.3-.7-.3h-11c-.3 0-.5.1-.7.3-.2.2-.3.5-.3.7s.1.5.3.7z\"\/><\/svg><\/span><\/span><\/span><\/a><\/span><\/div>\n<nav><ul class='ez-toc-list ez-toc-list-level-1 eztoc-toggle-hide-by-default' ><li class='ez-toc-page-1 ez-toc-heading-level-2'><a class=\"ez-toc-link ez-toc-heading-1\" href=\"http:\/\/hairtransplantationbeforeafter.com\/tr\/tepe-bolgesine-sac-ekimi\/#Tepe_Bolgesi_Saclari_Neden_Dokulur\" >Tepe B\u00f6lgesi Sa\u00e7lar\u0131 Neden D\u00f6k\u00fcl\u00fcr?<\/a><\/li><li class='ez-toc-page-1 ez-toc-heading-level-2'><a class=\"ez-toc-link ez-toc-heading-2\" href=\"http:\/\/hairtransplantationbeforeafter.com\/tr\/tepe-bolgesine-sac-ekimi\/#Tepe_Bolgesi_Sac_Ekimi_Nedir\" >Tepe B\u00f6lgesi Sa\u00e7 Ekimi Nedir?<\/a><\/li><li class='ez-toc-page-1 ez-toc-heading-level-2'><a class=\"ez-toc-link ez-toc-heading-3\" href=\"http:\/\/hairtransplantationbeforeafter.com\/tr\/tepe-bolgesine-sac-ekimi\/#Vertex_Sac_ekimi_asamalari\" >Vertex Sa\u00e7 ekimi a\u015famalar\u0131<\/a><\/li><li class='ez-toc-page-1 ez-toc-heading-level-2'><a class=\"ez-toc-link ez-toc-heading-4\" href=\"http:\/\/hairtransplantationbeforeafter.com\/tr\/tepe-bolgesine-sac-ekimi\/#Iyilesme_Sureci\" >\u0130yile\u015fme S\u00fcreci<\/a><\/li><li class='ez-toc-page-1 ez-toc-heading-level-2'><a class=\"ez-toc-link ez-toc-heading-5\" href=\"http:\/\/hairtransplantationbeforeafter.com\/tr\/tepe-bolgesine-sac-ekimi\/#Tepe_Bolgesi_Sac_Ekimi_Sonuclari\" >Tepe B\u00f6lgesi Sa\u00e7 Ekimi Sonu\u00e7lar\u0131<\/a><\/li><li class='ez-toc-page-1 ez-toc-heading-level-2'><a class=\"ez-toc-link ez-toc-heading-6\" href=\"http:\/\/hairtransplantationbeforeafter.com\/tr\/tepe-bolgesine-sac-ekimi\/#Tepe_Bolgesi_Sac_Ekiminde_Basari_Orani_Nedir\" >Tepe B\u00f6lgesi Sa\u00e7 Ekiminde Ba\u015far\u0131 Oran\u0131 Nedir?<\/a><\/li><li class='ez-toc-page-1 ez-toc-heading-level-2'><a class=\"ez-toc-link ez-toc-heading-7\" href=\"http:\/\/hairtransplantationbeforeafter.com\/tr\/tepe-bolgesine-sac-ekimi\/#Tepe_Sac_Ekiminde_Maliyet\" >Tepe Sa\u00e7 Ekiminde Maliyet<\/a><\/li><li class='ez-toc-page-1 ez-toc-heading-level-2'><a class=\"ez-toc-link ez-toc-heading-8\" href=\"http:\/\/hairtransplantationbeforeafter.com\/tr\/tepe-bolgesine-sac-ekimi\/#Sik_Sorulan_Sorular\" >S\u0131k Sorulan Sorular<\/a><\/li><\/ul><\/nav><\/div>\n<h2 class=\"wp-block-heading\"><span class=\"ez-toc-section\" id=\"Tepe_Bolgesi_Saclari_Neden_Dokulur\"><\/span>Tepe B\u00f6lgesi Sa\u00e7lar\u0131 Neden D\u00f6k\u00fcl\u00fcr?<span class=\"ez-toc-section-end\"><\/span><\/h2>\n\n\n\n<p>Erkeklerin y\u00fczde 70-80&#8217;lik bir k\u0131sm\u0131nda, ya\u015fam\u0131n\u0131n belli evresinde tepedeki sa\u00e7larda incelme ve d\u00f6k\u00fclmeler g\u00f6r\u00fclmektedir. Bunun en \u00f6nemli nedeni de <strong>androgenetik alopesi<\/strong> yani erkeksi tip sa\u00e7 d\u00f6k\u00fclmesi denilen hormonal nedenlerdir. Erkeksi tip sa\u00e7 d\u00f6k\u00fclmesinde, bu b\u00f6lgedeki sa\u00e7lar dihidro testesteron hormonuna olduk\u00e7a duyarl\u0131d\u0131rlar. Bundan dolay\u0131 sa\u00e7lar\u0131n anagen faz\u0131 k\u0131salmaktad\u0131r. Anagen faz\u0131 k\u0131salan sa\u00e7lar erken evrede incelir ve seyrelmeye ba\u015flar. Seyrelmenin ba\u015flad\u0131\u011f\u0131 ilk zamanlarda bu pek anla\u015f\u0131lamayabilir. Daha \u00e7ok banyo sonras\u0131nda sa\u00e7lar \u0131slakken incelme ve seyrelme fark edilebilir. \u0130leri evrede ise incelen sa\u00e7lar d\u00f6k\u00fclmeye ba\u015flar ve tam bir kelle\u015fme olur. <\/p>\n\n\n\n<p>Ayr\u0131ca ailesel \u00f6zellik olarak ebeveynlerde d\u00f6k\u00fclme varsa \u00e7ocuklar\u0131nda da b\u00fcy\u00fck oranda ayn\u0131 durum g\u00f6r\u00fclmektedir. Tepe b\u00f6lgesi sa\u00e7lar\u0131ndaki d\u00f6k\u00fclme h\u0131z\u0131 herkeste ayn\u0131 oranda olmaz. Genellikle babadaki d\u00f6k\u00fclme tipi o ki\u015finin \u00e7ocuklar\u0131nda da ayn\u0131 \u015fekilde devam etme e\u011filimindedir.<\/p>\n\n\n\n<p>Norwood sa\u00e7 d\u00f6k\u00fclme s\u0131n\u0131flamas\u0131na g\u00f6re Tip 3 ve \u00fczerindeki d\u00f6k\u00fclmelerde tepe b\u00f6lgesi de etkilenmektedir.<\/p>\n\n\n\n<ul class=\"wp-block-list\">\n<li><strong>Tip 3:<\/strong> Tepede hafif seyreklik vard\u0131r.<\/li>\n\n\n\n<li><strong>Tip 4:<\/strong> Dairesel \u015fekilde kellik artmaya ba\u015flar.<\/li>\n\n\n\n<li><strong>Tip 5: <\/strong>Vertexde tam kellik olu\u015fur. D\u00f6k\u00fclme \u00f6n ve arka tarafa do\u011fru ilerleyerek devam eder.<\/li>\n\n\n\n<li><strong>Tip 6 ve 7:<\/strong> Kafan\u0131n tamam\u0131n\u0131 kapsayan kellik olu\u015fmu\u015ftur.<\/li>\n<\/ul>\n\n\n\n<p>Tepede b\u00f6lgesinde d\u00f6k\u00fclme ya\u015fayanlarda bu durum ba\u015f\u0131n tamam\u0131nda sa\u00e7 kayb\u0131 olaca\u011f\u0131 anlam\u0131na gelmez. Yani tip 3 ve 4 d\u00f6k\u00fclmesi olanlarda her zaman tip 5,6 ve 7\u2019ye do\u011fru ilerleme olmaz.<\/p>\n\n\n\n<h2 class=\"wp-block-heading\"><span class=\"ez-toc-section\" id=\"Tepe_Bolgesi_Sac_Ekimi_Nedir\"><\/span>Tepe B\u00f6lgesi Sa\u00e7 Ekimi Nedir?<span class=\"ez-toc-section-end\"><\/span><\/h2>\n\n\n\n<p>Ba\u015f\u0131n ta\u00e7 ad\u0131 verilen \u00fcst k\u0131sm\u0131ndaki d\u00f6k\u00fclmelerde, don\u00f6r b\u00f6lgedeki g\u00fc\u00e7l\u00fc sa\u00e7lar\u0131n seyrelmi\u015f ya da kelle\u015fmi\u015f olan alana transfer edilmesinde vertex ya da <strong>tepe b\u00f6lgesi sa\u00e7 ekimi<\/strong> ad\u0131 verilir. Latince k\u00f6kenli olan vertex, ba\u015f\u0131n en \u00fcst ve en tepe noktas\u0131 anlam\u0131na gelmektedir.<\/p>\n\n\n\n<h3 class=\"wp-block-heading\">Tepe (Vertex) Sa\u00e7 Ekimi \u0130\u00e7in Kimler Uygundur?<\/h3>\n\n\n\n<p>Tepe sa\u00e7 ekimi i\u00e7in don\u00f6r b\u00f6lgedeki sa\u00e7lar\u0131n g\u00fc\u00e7l\u00fc ve yeterli say\u0131da olmas\u0131 gerekir. Sadece ba\u015f\u0131n \u00fcst b\u00f6lgesinde d\u00f6k\u00fclme ya\u015fayan ve don\u00f6r sa\u00e7lar\u0131 da g\u00fc\u00e7l\u00fc olan ki\u015filer tepe sa\u00e7 ekimi i\u00e7in en uygun adaylard\u0131r.<\/p>\n\n\n\n<p>Tip 6-7 gibi geni\u015f kelliklerde don\u00f6r sa\u00e7lar\u0131 muhtemelen tam kapatmaya yetmeyecektir. Bu durumda tepeye sa\u00e7 ekimi yapmak \u00e7ok mant\u0131kl\u0131 de\u011fildir. \u00c7\u00fcnk\u00fc sa\u00e7 d\u00f6k\u00fclmesi ya\u015fayanlar\u0131n b\u00fcy\u00fck \u00e7o\u011funlu\u011fu i\u00e7in en \u00f6nemli b\u00f6lge \u00f6n sa\u00e7 \u00e7izgisi ve frontal b\u00f6lgedir. \u00d6n ve \u00fcst b\u00f6lgeye ekilen sa\u00e7lar geriye do\u011fru tarand\u0131\u011f\u0131nda, arkadaki bo\u015f alanlar\u0131 da kamufle edebilir.<\/p>\n\n\n\n<h2 class=\"wp-block-heading\"><span class=\"ez-toc-section\" id=\"Vertex_Sac_ekimi_asamalari\"><\/span>Vertex Sa\u00e7 ekimi a\u015famalar\u0131<span class=\"ez-toc-section-end\"><\/span><\/h2>\n\n\n\n<p>Dikkat edilmesi gereken bir ka\u00e7 nokta d\u0131\u015f\u0131nda, tepe b\u00f6lgesine yap\u0131lan ekimin klasik sa\u00e7 ekimi i\u015fleminden bir fark\u0131 yoktur. Bu operasyon 3 a\u015famada tamamlan\u0131r.<\/p>\n\n\n\n<p>1) <strong>Kons\u00fcltasyon ve sa\u00e7 ekimi \u00f6ncesi d\u00f6nem:<\/strong> \u00d6ncelikle ki\u015finin bu operasyona uygun olup olmad\u0131\u011f\u0131 kesinle\u015ftirilmelidir. Doktorunuz taraf\u0131ndan don\u00f6r b\u00f6lge sa\u00e7lar\u0131n\u0131z\u0131n kalitesi ve kapasitesi incelenecektir. Daha \u00f6nce belirtti\u011fimiz gibi Norwood 6-7 gibi ileri derce kelliklerde sa\u00e7 nakli do\u011fru se\u00e7im olmayabilir. Uygun olan ki\u015filerde damar yolu a\u00e7\u0131l\u0131r ve don\u00f6r b\u00f6lge t\u0131ra\u015flanarak operasyona haz\u0131r hale gelirsiniz.<\/p>\n\n\n\n<p>2) <strong>Don\u00f6r b\u00f6lgeden greftlerin toplanmas\u0131<\/strong>: Don\u00f6r b\u00f6lge olarak birinci tercih, iki kulak aras\u0131ndaki g\u00fc\u00e7l\u00fc olan ense b\u00f6lgesi sa\u00e7lar\u0131d\u0131r. Don\u00f6r alan t\u0131ra\u015fland\u0131ktan sonra lokal anestezi uygulan\u0131r. Anestezi sonras\u0131nda FUE y\u00f6ntemiyle sa\u00e7lar dikkatlice tek tek toplan\u0131r.<\/p>\n\n\n\n<p>Don\u00f6r b\u00f6lge yetersizli\u011finde sakal ve g\u00f6\u011f\u00fcs k\u0131llar\u0131 da tepe sa\u00e7 ekimi i\u00e7in kullan\u0131labilir.<\/p>\n\n\n\n<p>3) <strong>Tepe sa\u00e7 ekimi:<\/strong> Ekim yap\u0131lacak b\u00f6lgeye lokal anestezi yap\u0131l\u0131r ve toplanan greftler planlanan b\u00f6lgeye tek tek yerle\u015ftirilir. Sa\u00e7lar\u0131n ekiminde FUE ya da DHI gibi minimal invaziv y\u00f6ntemler kullan\u0131lmaktad\u0131r. AHD klinikte bu operasyon i\u00e7in dhi sa\u00e7 ekimi tekni\u011fini tercih ediyoruz. Operasyon s\u00fcresi ekilecek greft say\u0131s\u0131na g\u00f6re de\u011fi\u015fir ve ortalama 4-7 saat s\u00fcrebilir.<\/p>\n\n\n\n<figure class=\"wp-block-image size-full\"><img loading=\"lazy\" decoding=\"async\" width=\"750\" height=\"467\" src=\"http:\/\/hairtransplantationbeforeafter.com\/wp-content\/uploads\/2025\/03\/tepe_bolgesi_sac_ekimi_once_sonra.webp\" alt=\"tepe b\u00f6lgesi sa\u00e7 ekimi \u00f6ncesi ve 10 ay sonraki sonu\u00e7\" class=\"wp-image-16367\" srcset=\"http:\/\/hairtransplantationbeforeafter.com\/wp-content\/uploads\/2025\/03\/tepe_bolgesi_sac_ekimi_once_sonra.webp 750w, http:\/\/hairtransplantationbeforeafter.com\/wp-content\/uploads\/2025\/03\/tepe_bolgesi_sac_ekimi_once_sonra-300x187.webp 300w, http:\/\/hairtransplantationbeforeafter.com\/wp-content\/uploads\/2025\/03\/tepe_bolgesi_sac_ekimi_once_sonra-20x12.webp 20w\" sizes=\"auto, (max-width: 750px) 100vw, 750px\" \/><\/figure>\n\n\n\n<h3 class=\"wp-block-heading\">Tepe sa\u00e7 ekiminde dikkat edilmesi gerekenler<\/h3>\n\n\n\n<ul class=\"wp-block-list\">\n<li>Tepe sa\u00e7lar\u0131n\u0131n kendine \u00f6zg\u00fc a\u00e7\u0131lar\u0131 vard\u0131r. Bu sa\u00e7lar\u0131n dairesel girdap \u015feklinde d\u00f6ng\u00fcs\u00fc vard\u0131r. Hatta baz\u0131 ki\u015filerde spiral \u015fekilde iki tane farkl\u0131 girdap olabilir. Bu sa\u00e7 d\u00f6ng\u00fcs\u00fcnde a\u00e7\u0131lar yukar\u0131dan a\u015fa\u011f\u0131ya do\u011fru 360 derece olacak \u015fekilde de\u011fi\u015fir. Yani sa\u011fa ve sola yelpaze \u015feklinde da\u011f\u0131l\u0131m g\u00f6sterir. Ekim s\u0131ras\u0131nda bu b\u00f6lgedeki sa\u00e7lara paralel y\u00f6nde kanallar a\u00e7\u0131lmal\u0131d\u0131r. Aksi takdirde do\u011fal g\u00f6r\u00fcnt\u00fc sa\u011flanamaz. Bundan olay\u0131 tepe sa\u00e7 ekimi zordur ve kendini ispatlam\u0131\u015f kalifiye bir doktor se\u00e7imi \u00f6nemlidir. \u00c7\u00fcnk\u00fc do\u011fru a\u00e7\u0131larla kanal a\u00e7mak, uzmanl\u0131k gerektiren bir uygulamad\u0131r.<\/li>\n\n\n\n<li>Don\u00f6r alan\u0131n hemen \u00fcst k\u0131sm\u0131ndaki sa\u00e7lar\u0131n y\u00f6n\u00fc a\u015fa\u011f\u0131 bakmal\u0131d\u0131r. Bundan dolay\u0131 tepeye ekim yap\u0131l\u0131rken, hastan\u0131n y\u00fcz\u00fc a\u015fa\u011f\u0131 bakacak \u015fekilde yatmal\u0131d\u0131r. Bu \u015fekilde greftleri do\u011fru a\u00e7\u0131larla yerle\u015ftirmek daha kolay olacakt\u0131r. <\/li>\n\n\n\n<li>Ayr\u0131ca tepe b\u00f6lgesindeki sa\u00e7l\u0131 deri kal\u0131nl\u0131\u011f\u0131 frontal alana g\u00f6re daha fazlad\u0131r. Kanal a\u00e7\u0131l\u0131rken derinlik kontrol\u00fc do\u011fru \u015fekilde planlanmal\u0131d\u0131r. A\u00e7\u0131lan kanallar\u0131n a\u00e7\u0131lar\u0131 sa\u00e7l\u0131 deriye 20-25 derece olacak \u015fekilde olmal\u0131d\u0131r. E\u011fer daha dik a\u00e7\u0131larla kanal a\u00e7\u0131l\u0131rsa do\u011fal ve s\u0131k bir g\u00f6r\u00fcn\u00fcm olmayabilir.<\/li>\n\n\n\n<li>Yukar\u0131da belirtti\u011fimiz do\u011fru a\u00e7\u0131lar, dhi y\u00f6nteminde implanter pen ad\u0131 verilen kalemlerle daha kolay olu\u015fturulur. Bundan dolay\u0131 AHD klinikte sa\u00e7 ekimlerinde dhi y\u00f6ntemi tercih edilmektedir. Ayr\u0131ca bu b\u00f6lgede kalem y\u00f6ntemiyle t\u0131ra\u015fs\u0131z ekim yapmak daha kolayd\u0131r. Hatta t\u0131ra\u015fs\u0131z sa\u00e7 ekimi i\u015fleminde ki\u015finin kendi sa\u00e7lar\u0131na paralel olarak ekim yapmak daha kolay olacakt\u0131r.<\/li>\n\n\n\n<li>E\u011fer sakal ve ense sa\u00e7lar\u0131 birlikte kullan\u0131lacaksa, bu greftlerin kar\u0131\u015f\u0131k olarak ekilmesi daha do\u011fal g\u00f6r\u00fcnt\u00fc olu\u015fturur.<\/li>\n<\/ul>\n\n\n\n<h2 class=\"wp-block-heading\"><span class=\"ez-toc-section\" id=\"Iyilesme_Sureci\"><\/span>\u0130yile\u015fme S\u00fcreci <span class=\"ez-toc-section-end\"><\/span><\/h2>\n\n\n\n<p>Operasyon sonras\u0131 s\u00fcre\u00e7teki kar\u015f\u0131la\u015f\u0131lacak durumlar klasik sa\u00e7 ekimiyle hemen hemen ayn\u0131d\u0131r. Operasyondan sonraki k\u0131zar\u0131kl\u0131k ve kabuklanmalar y\u0131kamalarla birlikte en ge\u00e7 10 g\u00fcn i\u00e7inde kaybolur.<\/p>\n\n\n\n<p>Sadece tepeye yap\u0131lan ekimlerde sa\u00e7 ekimi sonras\u0131nda \u015fi\u015flik hi\u00e7 olmayabilir. \u00c7\u00fcnk\u00fc sa\u00e7l\u0131 deri i\u00e7erisine verilen s\u0131v\u0131 enseye do\u011fru akacak ve y\u00fczde belirgin bir \u015fi\u015flik olmayacakt\u0131r. \u0130yile\u015fme s\u00fcreci genellikle 1 hafta 10 g\u00fcn i\u00e7inde tamamlan\u0131r.<\/p>\n\n\n\n<p>Klasik olarak 15-20 g\u00fcn sonra ekilen sa\u00e7lar d\u00f6k\u00fclmeye ba\u015flar. Bu alana yap\u0131lan sa\u00e7 ekiminde \u015fok d\u00f6k\u00fclme oran\u0131 nispeten daha fazla olabilir. Bunun nedeni tepe b\u00f6lgesinin kanlanmas\u0131n\u0131n \u00f6n tarafa g\u00f6re daha az olmas\u0131d\u0131r.<\/p>\n\n\n\n<h2 class=\"wp-block-heading\"><span class=\"ez-toc-section\" id=\"Tepe_Bolgesi_Sac_Ekimi_Sonuclari\"><\/span>Tepe B\u00f6lgesi Sa\u00e7 Ekimi Sonu\u00e7lar\u0131<span class=\"ez-toc-section-end\"><\/span><\/h2>\n\n\n\n<p>\u015eok d\u00f6k\u00fclme sonras\u0131 d\u00f6k\u00fclen tepe b\u00f6lgesi sa\u00e7lar\u0131, \u00f6n tarafa ekilen sa\u00e7lara g\u00f6re daha ge\u00e7 \u00e7\u0131kar. Genelde 4-5. aydan itibaren sa\u00e7 \u00e7\u0131k\u0131\u015flar\u0131n\u0131 g\u00f6rebilirsiniz. 6. sonunda %50 oran\u0131nda sa\u00e7 \u00e7\u0131k\u0131\u015f\u0131 ortalamas\u0131 normaldir. Vertex b\u00f6lgesinde tam sonu\u00e7 elde etmek i\u00e7in genellikle 15-18 ay beklemek gerekecektir. Yani \u00f6n b\u00f6lgeye ekilen sa\u00e7lara g\u00f6re, tepe b\u00f6lgesine ekilen sa\u00e7lar i\u00e7in tam sonu\u00e7 2-3 ay daha ge\u00e7 olabilir.<\/p>\n\n\n\n<figure class=\"wp-block-image size-full\"><img loading=\"lazy\" decoding=\"async\" width=\"750\" height=\"425\" src=\"http:\/\/hairtransplantationbeforeafter.com\/wp-content\/uploads\/2025\/03\/vertex_sac_ekimi.webp\" alt=\"tepe (vertex) b\u00f6lgesine yap\u0131lan sa\u00e7 ekim sonucu\" class=\"wp-image-16368\" srcset=\"http:\/\/hairtransplantationbeforeafter.com\/wp-content\/uploads\/2025\/03\/vertex_sac_ekimi.webp 750w, http:\/\/hairtransplantationbeforeafter.com\/wp-content\/uploads\/2025\/03\/vertex_sac_ekimi-300x170.webp 300w, http:\/\/hairtransplantationbeforeafter.com\/wp-content\/uploads\/2025\/03\/vertex_sac_ekimi-20x11.webp 20w\" sizes=\"auto, (max-width: 750px) 100vw, 750px\" \/><\/figure>\n\n\n\n<h2 class=\"wp-block-heading\"><span class=\"ez-toc-section\" id=\"Tepe_Bolgesi_Sac_Ekiminde_Basari_Orani_Nedir\"><\/span>Tepe B\u00f6lgesi Sa\u00e7 Ekiminde Ba\u015far\u0131 Oran\u0131 Nedir?<span class=\"ez-toc-section-end\"><\/span><\/h2>\n\n\n\n<p>Tepe ekimi yukar\u0131da belirtti\u011fimiz nedenlerden dolay\u0131 \u00f6n hatta g\u00f6re daha zordur. \u00c7\u00fcnk\u00fc vertexin kendine \u00f6zg\u00fc a\u00e7\u0131lar\u0131ndan dolay\u0131, iyi bir s\u0131kl\u0131k elde etmek i\u00e7in daha fazla grefte ihtiya\u00e7 olacakt\u0131r. Bundan dolay\u0131 daha iyi bir kapat\u0131c\u0131l\u0131k sa\u011flamak i\u00e7in ikinci bir seans gerekebilir.<\/p>\n\n\n\n<p>Fakat sa\u00e7 ekiminde santimetrekareye d\u00fc\u015fecek greft say\u0131s\u0131 do\u011fru planlan\u0131rsa tepe sa\u00e7 ekiminde ba\u015far\u0131 oran\u0131 da artacakt\u0131r. 1 cm2&nbsp;i\u00e7in ortalama 45-50 greft ile tepe b\u00f6lgesinde iyi bir kapat\u0131c\u0131l\u0131k sa\u011flanabilir. Ayr\u0131ca sa\u00e7 k\u0131l\u0131n\u0131n kal\u0131nl\u0131\u011f\u0131 ve yap\u0131s\u0131 kapat\u0131c\u0131l\u0131k konusunda \u00f6nemli bir etkendir. \u00d6rne\u011fin dalgal\u0131 sa\u00e7 yap\u0131s\u0131 olanlarda tepede daha ba\u015far\u0131l\u0131 bir g\u00f6r\u00fcnt\u00fc elde edilebilir.<\/p>\n\n\n\n<p>\u00d6n ve tepe b\u00f6lgesine birlikte yap\u0131lan ekimlerde genelde greftlerin \u00e7o\u011funlu\u011fu \u00f6n sa\u00e7 \u00e7izgisi ve arkas\u0131na ekilir. \u00c7\u00fcnk\u00fc insanlar\u0131n \u00e7o\u011fu \u00f6ncelikle \u00f6n b\u00f6lgesinin kapanmas\u0131n\u0131 ister. Dolay\u0131s\u0131yla tepeye ekilecek greft miktar\u0131 d\u00fc\u015f\u00fck kal\u0131r. Bu durumda ise \u00f6n b\u00f6lgeye g\u00f6re tepede daha seyrek bir g\u00f6r\u00fcnt\u00fc olu\u015fur. Tabi aradan 1 y\u0131l gibi bir s\u00fcre ge\u00e7ti\u011fi i\u00e7in genelde bu b\u00f6lgedeki sa\u00e7lar\u0131n \u00e7\u0131kmad\u0131\u011f\u0131 d\u00fc\u015f\u00fcn\u00fcl\u00fcr. Asl\u0131nda bu do\u011fru de\u011fildir. \u00c7\u00fcnk\u00fc asl\u0131nda tepeye yetecek kadar greft ekilmemi\u015ftir.<\/p>\n\n\n\n<p>Tepe b\u00f6lgesinde ba\u015far\u0131l\u0131 sonu\u00e7lar almak i\u00e7in do\u011fru doktor se\u00e7imi de olduk\u00e7a \u00f6nemlidir. Bunun i\u00e7in sa\u00e7 ekimi yapt\u0131rmay\u0131 d\u00fc\u015f\u00fcnd\u00fc\u011f\u00fcn\u00fcz klini\u011fin \u00f6ncesi sonras\u0131 sa\u00e7 ekim sonu\u00e7lar\u0131n\u0131 inceleyin. Varsa haklar\u0131ndaki tavsiye ve \u015fikayetleri inceleyin. \u00d6zellikle forum sitelerinde doktor ve klinik hakk\u0131ndaki yorumlara bakarak karar vermenizde fayda vard\u0131r. \u00c7\u00fcnk\u00fc insanlar\u0131n forum sitelerinde payla\u015ft\u0131klar\u0131 yorumlar genellikle ger\u00e7ek\u00e7i ve tarafs\u0131zd\u0131r.<\/p>\n\n\n\n<h2 class=\"wp-block-heading\"><span class=\"ez-toc-section\" id=\"Tepe_Sac_Ekiminde_Maliyet\"><\/span>Tepe Sa\u00e7 Ekiminde Maliyet<span class=\"ez-toc-section-end\"><\/span><\/h2>\n\n\n\n<p>Operasyon fiyatlar\u0131 greft say\u0131s\u0131na g\u00f6re de\u011fi\u015fecektir. Ayr\u0131ca fue ya da dhi y\u00f6ntemine g\u00f6re maliyetler de de\u011fi\u015fmektedir. Kalifiye sa\u00e7 cerrahlar\u0131n\u0131n sa\u00e7 ekim \u00fccretleri her zaman daha y\u00fcksektir.<\/p>\n\n\n\n<p>T\u00fcrkiye\u2019de ortalama 1500 \u2013 5.000 USD fiyat aral\u0131\u011f\u0131nda tepe b\u00f6lgesine sa\u00e7 ekimi yapt\u0131rabilirsiniz. Amerika Birle\u015fik Devletleri\u2019nde tepe sa\u00e7 ekimi fiyatlar\u0131 ortalama 5.000 \u2013 15.000 USD aral\u0131\u011f\u0131nda de\u011fi\u015fmektedir. Klini\u011fimizde tepe sa\u00e7 ekimi i\u00e7in ayr\u0131 bir fiyat uygulamas\u0131 yoktur.<\/p>\n\n\n\n<h2 class=\"wp-block-heading\"><span class=\"ez-toc-section\" id=\"Sik_Sorulan_Sorular\"><\/span>S\u0131k Sorulan Sorular<span class=\"ez-toc-section-end\"><\/span><\/h2>\n\n\n<div id=\"rank-math-faq\" class=\"rank-math-block\">\n<div class=\"rank-math-list \">\n<div id=\"faq-question-1751920799149\" class=\"rank-math-list-item\">\n<h3 class=\"rank-math-question \">Tepe sa\u00e7 ekimi i\u00e7in ka\u00e7 greft gerekir?<\/h3>\n<div class=\"rank-math-answer \">\n\n<p>Tepe b\u00f6lgesindeki a\u00e7\u0131lma genelde dairesel \u015fekildedir. Sa\u00e7 ekimi \u00f6ncesinde, (Pi*r2\u00a0) form\u00fcl\u00fcyle dairesel alan\u0131n b\u00fcy\u00fckl\u00fc\u011f\u00fc belirlenir. Bu geni\u015fli\u011fe g\u00f6re don\u00f6r b\u00f6lgeden al\u0131nacak greft say\u0131s\u0131 hesaplan\u0131r. Dairesel alan\u0131n b\u00fcy\u00fckl\u00fc\u011f\u00fcne g\u00f6re gerekli olan greft say\u0131s\u0131 1.000 \u2013 3.000 aras\u0131nda de\u011fi\u015febilir. Norwood 4 &#8211; 5 evresindeki ki\u015filer i\u00e7in, tepeye 2000 greft genellikle yeterli olacakt\u0131r.<\/p>\n\n<\/div>\n<\/div>\n<div id=\"faq-question-1751921184158\" class=\"rank-math-list-item\">\n<h3 class=\"rank-math-question \">Tepeye sa\u00e7 ekimi i\u00e7in en ideal ya\u015f nedir?<\/h3>\n<div class=\"rank-math-answer \">\n\n<p>Sa\u00e7 d\u00f6k\u00fclme h\u0131z\u0131 ve ki\u015finin ya\u015f\u0131 vertex sa\u00e7 ekiminde \u00f6nemli bir etkendir. Gen\u00e7 ya\u015flarda tepeye sa\u00e7 ekimi yapmak \u00e7ok mant\u0131kl\u0131 de\u011fildir. \u00c7\u00fcnk\u00fc ilerleyen y\u0131llarda d\u00f6k\u00fclmenin devam etme olas\u0131l\u0131\u011f\u0131 y\u00fcksektir ve \u00f6n b\u00f6lge i\u00e7in ki\u015finin yeterli don\u00f6r sa\u00e7\u0131 kalmayabilir. Bundan dolay\u0131 35-40 ya\u015f ve \u00fcst\u00fcndeki ki\u015filer, tepe sa\u00e7 ekimi i\u00e7in en ideal adaylard\u0131r. Don\u00f6r b\u00f6lge kapasiteniz ya\u015f\u0131n\u0131z ve d\u00f6k\u00fclme h\u0131z\u0131n\u0131za ba\u011fl\u0131 olarak tepeyle ilgili ger\u00e7ek\u00e7i bir beklentiniz olmal\u0131d\u0131r.<\/p>\n\n<\/div>\n<\/div>\n<div id=\"faq-question-1751921647012\" class=\"rank-math-list-item\">\n<h3 class=\"rank-math-question \">Tepe sa\u00e7 ekiminde sa\u00e7lar\u0131 tra\u015f etmek gerekli midir?<\/h3>\n<div class=\"rank-math-answer \">\n\n<p>E\u011fer kalem tekni\u011fiyle sa\u00e7 ekimi yap\u0131lacaksa vertex sa\u00e7lar\u0131n\u0131 tra\u015f etmek gerekli de\u011fildir. Hatta tra\u015fs\u0131z olarak yap\u0131lacak ekim daha avantajl\u0131 olabilir. \u00c7\u00fcnk\u00fc ki\u015finin kendi sa\u00e7lar\u0131na paralel a\u00e7\u0131larla ekim yapmak bu \u015fekilde daha kolay olmaktad\u0131r.<\/p>\n\n<\/div>\n<\/div>\n<div id=\"faq-question-1751921784322\" class=\"rank-math-list-item\">\n<h3 class=\"rank-math-question \">Sadece vertex b\u00f6lgesine sa\u00e7 ekimi yap\u0131lm\u0131\u015fsa uyku pozisyonu nas\u0131l olmal\u0131d\u0131r?<\/h3>\n<div class=\"rank-math-answer \">\n\n<p>Bu durumda yan yat\u0131larak uyumak en ideal \u00e7\u00f6z\u00fcmd\u00fcr. \u0130ki adet yast\u0131kla y\u00fcksek pozisyonda yatarak sa\u00e7lar\u0131n uyku s\u0131ras\u0131nda zarar g\u00f6rmesi engellenebilir.<\/p>\n\n<\/div>\n<\/div>\n<div id=\"faq-question-1751922029340\" class=\"rank-math-list-item\">\n<h3 class=\"rank-math-question \">Sa\u00e7\u0131m\u0131n Tepesi A\u00e7\u0131l\u0131yor Ne Yapmal\u0131y\u0131m?<\/h3>\n<div class=\"rank-math-answer \">\n\n<p>Tepe b\u00f6lgesi sa\u00e7 d\u00f6k\u00fclmelerinde e\u011fer sa\u00e7 ekimine uygunsan\u0131z, ba\u015far\u0131l\u0131 bir sonu\u00e7 alma olas\u0131l\u0131\u011f\u0131n\u0131z y\u00fcksektir. Bunun i\u00e7in kendini kan\u0131tlam\u0131\u015f bir sa\u00e7 doktoruna ya da dermatoloji uzman\u0131na ba\u015fvurman\u0131z gerekecektir. Ay\u0131ca Finasterid, Minoxidil ve PRP gibi medikal tedaviler, hem sa\u00e7 d\u00f6k\u00fclmesi sorununa hem de operasyondan sonraki sa\u00e7 ekim sonucuna olumlu katk\u0131 sunacakt\u0131r. Fakat \u015funu unutmay\u0131n bu t\u00fcr medikal tedaviler kullan\u0131ld\u0131\u011f\u0131 s\u00fcrece etkilidir. \u0130lac\u0131 b\u0131rakt\u0131\u011f\u0131n\u0131zda durum eskisine d\u00f6necektir. Greft eksikli\u011fine ba\u011fl\u0131 olarak seyrek sa\u00e7 \u00e7\u0131k\u0131\u015f\u0131nda SMP scalp micro pigmentation yo\u011funluk art\u0131\u015f\u0131 i\u00e7in alternatif \u00e7\u00f6z\u00fcm olarak d\u00fc\u015f\u00fcn\u00fclebilir.<\/p>\n\n<\/div>\n<\/div>\n<div id=\"faq-question-1751922121560\" class=\"rank-math-list-item\">\n<h3 class=\"rank-math-question \">Tepe Sa\u00e7 Ekimi Tutar m\u0131?<\/h3>\n<div class=\"rank-math-answer \">\n\n<p>Tepeye yap\u0131lan ekimlerin tutma oran\u0131 \u00f6n b\u00f6lgeye g\u00f6re nispeten daha azd\u0131r. \u00d6rne\u011fin \u00f6n b\u00f6lgedeki sa\u00e7lar\u0131n tutma oran\u0131 % 85-90 seviyelerindedir. Tepe b\u00f6lgesinde ise bu tutma oran\u0131 ortalama olarak % 70 seviyesinde olabilir. Bunun en temel nedeni vertex b\u00f6lgesindeki damarlanma yap\u0131s\u0131n\u0131n \u00f6n tarafa g\u00f6re daha az olmas\u0131d\u0131r. Bundan dolay\u0131 beslenme nispeten daha az oldu\u011fu i\u00e7in tutma oran\u0131 da bir miktar d\u00fc\u015febilir.<br \/>Ayr\u0131ca bu b\u00f6lgeye ekilen greft say\u0131s\u0131 az olursa 7-8 ay sonra hastalarda \u015fu alg\u0131 olu\u015fabiliyor. &#8220;Tepeye ekilen sa\u00e7lar \u00e7\u0131kmad\u0131 ya da tutmad\u0131&#8221; d\u00fc\u015f\u00fcncesine kap\u0131l\u0131yorlar. Halbuki tepeye gerekenden daha az say\u0131da greft ekilmi\u015ftir. Belli bir zaman ge\u00e7tikten sonra az greft ekildi\u011fi unutuluyor. Bundan dolay\u0131 tepeye sa\u00e7 ektirmek isteyenler 2. seans ihtimalini de d\u00fc\u015f\u00fcnmelidirler.<\/p>\n\n<\/div>\n<\/div>\n<\/div>\n<\/div>\n\n\n<div class=\"wp-block-essential-blocks-row alignfull  root-eb-row-j476z\"><div class=\"eb-parent-wrapper eb-parent-eb-row-j476z \"><div class=\"eb-row-root-container eb-row-j476z\" data-id=\"eb-row-j476z\"><div class=\"eb-row-wrapper\"><div class=\"eb-row-inner\">\n<div class=\"wp-block-essential-blocks-column  root-eb-column-uui35\"><div class=\"eb-parent-wrapper eb-parent-eb-column-uui35 \"><div class=\"eb-column-wrapper eb-column-uui35\"><div class=\"eb-column-inner\">\n<p class=\"has-white-color has-text-color has-link-color has-large-font-size wp-elements-33f4d658165c514aab2296f6e14c28d5\">AHD klinikle bir kons\u00fcltasyon planlay\u0131n.<\/p>\n\n\n\n<p class=\"has-white-color has-text-color has-link-color has-medium-font-size wp-elements-f89332fef5a9f48a84b3dcd1dc56b40d\">T\u00fcrkiye&#8217;nin en prestijli klini\u011finde ki\u015fiye uygun \u00e7\u00f6z\u00fcmler \u00fcretilebilir.<\/p>\n<\/div><\/div><\/div><\/div>\n\n\n\n<div class=\"wp-block-essential-blocks-column  root-eb-column-q95q2\"><div class=\"eb-parent-wrapper eb-parent-eb-column-q95q2 \"><div class=\"eb-column-wrapper eb-column-q95q2\"><div class=\"eb-column-inner\">\n<div class=\"wp-block-essential-blocks-button  root-eb-button-408vr\"><div class=\"eb-parent-wrapper eb-parent-eb-button-408vr \"><div class=\"eb-button-wrapper eb-button-alignment eb-button-408vr\"><div class=\"eb-button\"><div class=\"eb-button-inner-wrapper \"><a class=\"eb-button-anchor  \" href=\"https:\/\/api.whatsapp.com\/send?phone=905323134198\" target=\"_blank\" rel=\"noopener\">\u0130leti\u015fime Ge\u00e7in<\/a><\/div><\/div><\/div><\/div><\/div>\n<\/div><\/div><\/div><\/div>\n<\/div><\/div><\/div><\/div><\/div>\n\n\n\n<p>T\u00fcrkiye\u2019de sa\u00e7 ekimi d\u00fc\u015f\u00fcn\u00fcyorsan\u0131z AHD klinikle \u00fccretsiz kons\u00fcltasyon planlay\u0131n ve \u00fccretlerimiz hakk\u0131nda bilgi al\u0131n.  AHD klini\u011fin sa\u00e7 ekimi \u00f6ncesi ve  sonu\u00e7lar\u0131 size ger\u00e7ek\u00e7i bir fikir verecektir.<\/p>\n","protected":false},"excerpt":{"rendered":"<p>Tepe b\u00f6lgesine yap\u0131lan sa\u00e7 ekimi, a\u00e7\u0131 farkl\u0131l\u0131\u011f\u0131 gibi baz\u0131 \u00f6zelliklerden dolay\u0131 klasik ekimlere g\u00f6re farkl\u0131l\u0131k g\u00f6sterir. Bu yaz\u0131m\u0131zda tepe b\u00f6lgesindeki [&hellip;]<\/p>\n","protected":false},"author":2,"featured_media":16366,"comment_status":"open","ping_status":"open","sticky":false,"template":"","format":"standard","meta":{"_acf_changed":false,"tpgb_global_settings":"","_eb_attr":"","_eb_data_table":"","site-sidebar-layout":"default","site-content-layout":"","ast-site-content-layout":"default","site-content-style":"default","site-sidebar-style":"default","ast-global-header-display":"","ast-banner-title-visibility":"","ast-main-header-display":"","ast-hfb-above-header-display":"","ast-hfb-below-header-display":"","ast-hfb-mobile-header-display":"","site-post-title":"","ast-breadcrumbs-content":"","ast-featured-img":"","footer-sml-layout":"","theme-transparent-header-meta":"","adv-header-id-meta":"","stick-header-meta":"","header-above-stick-meta":"","header-main-stick-meta":"","header-below-stick-meta":"","astra-migrate-meta-layouts":"default","ast-page-background-enabled":"default","ast-page-background-meta":{"desktop":{"background-color":"var(--ast-global-color-5)","background-image":"","background-repeat":"repeat","background-position":"center center","background-size":"auto","background-attachment":"scroll","background-type":"","background-media":"","overlay-type":"","overlay-color":"","overlay-opacity":"","overlay-gradient":""},"tablet":{"background-color":"","background-image":"","background-repeat":"repeat","background-position":"center center","background-size":"auto","background-attachment":"scroll","background-type":"","background-media":"","overlay-type":"","overlay-color":"","overlay-opacity":"","overlay-gradient":""},"mobile":{"background-color":"","background-image":"","background-repeat":"repeat","background-position":"center center","background-size":"auto","background-attachment":"scroll","background-type":"","background-media":"","overlay-type":"","overlay-color":"","overlay-opacity":"","overlay-gradient":""}},"ast-content-background-meta":{"desktop":{"background-color":"var(--ast-global-color-4)","background-image":"","background-repeat":"repeat","background-position":"center center","background-size":"auto","background-attachment":"scroll","background-type":"","background-media":"","overlay-type":"","overlay-color":"","overlay-opacity":"","overlay-gradient":""},"tablet":{"background-color":"var(--ast-global-color-4)","background-image":"","background-repeat":"repeat","background-position":"center center","background-size":"auto","background-attachment":"scroll","background-type":"","background-media":"","overlay-type":"","overlay-color":"","overlay-opacity":"","overlay-gradient":""},"mobile":{"background-color":"var(--ast-global-color-4)","background-image":"","background-repeat":"repeat","background-position":"center center","background-size":"auto","background-attachment":"scroll","background-type":"","background-media":"","overlay-type":"","overlay-color":"","overlay-opacity":"","overlay-gradient":""}},"footnotes":""},"categories":[27],"tags":[],"class_list":["post-228","post","type-post","status-publish","format-standard","has-post-thumbnail","hentry","category-blog"],"acf":[],"tpgb_featured_images":{"full":["http:\/\/hairtransplantationbeforeafter.com\/wp-content\/uploads\/2025\/03\/tepe_bolgesine_sac-ekimi.webp",750,395,false],"tp-image-grid":["http:\/\/hairtransplantationbeforeafter.com\/wp-content\/uploads\/2025\/03\/tepe_bolgesine_sac-ekimi.webp",700,369,false],"thumbnail":["http:\/\/hairtransplantationbeforeafter.com\/wp-content\/uploads\/2025\/03\/tepe_bolgesine_sac-ekimi-150x150.webp",150,150,true],"medium":["http:\/\/hairtransplantationbeforeafter.com\/wp-content\/uploads\/2025\/03\/tepe_bolgesine_sac-ekimi-300x158.webp",300,158,true],"medium_large":["http:\/\/hairtransplantationbeforeafter.com\/wp-content\/uploads\/2025\/03\/tepe_bolgesine_sac-ekimi.webp",750,395,false],"large":["http:\/\/hairtransplantationbeforeafter.com\/wp-content\/uploads\/2025\/03\/tepe_bolgesine_sac-ekimi.webp",750,395,false],"default":"http:\/\/hairtransplantationbeforeafter.com\/wp-content\/plugins\/the-plus-addons-for-block-editor\/assets\/images\/tpgb-placeholder.jpg"},"tpgb_post_meta_info":{"get_date":"5 Mart 2025","get_modified_date":"25 Kas\u0131m 2025","category_list":{"category":[{"term_id":27,"name":"Blog","slug":"blog","term_group":0,"term_taxonomy_id":27,"taxonomy":"category","description":"","parent":0,"count":21,"filter":"raw"}],"post_tag":false,"post_format":false},"author_name":"Dr. Hakan Doganay","author_url":"http:\/\/hairtransplantationbeforeafter.com\/tr\/author\/ahd\/","author_email":"sacekimi@gmail.com","author_website":"","author_description":"Dr. Hakan Do\u011fanay in Turkey. With 22 years of experience starting from 2003, Dr. Hakan Do\u011fanay is among the pioneering doctors in Turkey.","author_facebook":"","author_twitter":"","author_instagram":"","author_role":["administrator"],"author_firstname":"Dr. Hakan","author_lastname":"Doganay","user_login":"AHD","author_avatar":"<img alt='' src='https:\/\/secure.gravatar.com\/avatar\/0962d7b796652491e3aa69d35cd61f848d4ba6757b16cc3b6b92cf8b3ea9ded3?s=200&#038;d=mm&#038;r=g' srcset='https:\/\/secure.gravatar.com\/avatar\/0962d7b796652491e3aa69d35cd61f848d4ba6757b16cc3b6b92cf8b3ea9ded3?s=400&#038;d=mm&#038;r=g 2x' class='avatar avatar-200 photo' height='200' width='200' loading='lazy' decoding='async'\/>","author_avatar_url":"https:\/\/secure.gravatar.com\/avatar\/0962d7b796652491e3aa69d35cd61f848d4ba6757b16cc3b6b92cf8b3ea9ded3?s=96&d=mm&r=g","comment_count":0,"post_likes":0,"post_views":0},"tpgb_post_category":{"category":"<a href=\"http:\/\/hairtransplantationbeforeafter.com\/tr\/blog\/\" alt=\"Blog\" class=\"category-blog\">Blog<\/a> "},"_links":{"self":[{"href":"http:\/\/hairtransplantationbeforeafter.com\/tr\/wp-json\/wp\/v2\/posts\/228","targetHints":{"allow":["GET"]}}],"collection":[{"href":"http:\/\/hairtransplantationbeforeafter.com\/tr\/wp-json\/wp\/v2\/posts"}],"about":[{"href":"http:\/\/hairtransplantationbeforeafter.com\/tr\/wp-json\/wp\/v2\/types\/post"}],"author":[{"embeddable":true,"href":"http:\/\/hairtransplantationbeforeafter.com\/tr\/wp-json\/wp\/v2\/users\/2"}],"replies":[{"embeddable":true,"href":"http:\/\/hairtransplantationbeforeafter.com\/tr\/wp-json\/wp\/v2\/comments?post=228"}],"version-history":[{"count":3,"href":"http:\/\/hairtransplantationbeforeafter.com\/tr\/wp-json\/wp\/v2\/posts\/228\/revisions"}],"predecessor-version":[{"id":26354,"href":"http:\/\/hairtransplantationbeforeafter.com\/tr\/wp-json\/wp\/v2\/posts\/228\/revisions\/26354"}],"wp:featuredmedia":[{"embeddable":true,"href":"http:\/\/hairtransplantationbeforeafter.com\/tr\/wp-json\/wp\/v2\/media\/16366"}],"wp:attachment":[{"href":"http:\/\/hairtransplantationbeforeafter.com\/tr\/wp-json\/wp\/v2\/media?parent=228"}],"wp:term":[{"taxonomy":"category","embeddable":true,"href":"http:\/\/hairtransplantationbeforeafter.com\/tr\/wp-json\/wp\/v2\/categories?post=228"},{"taxonomy":"post_tag","embeddable":true,"href":"http:\/\/hairtransplantationbeforeafter.com\/tr\/wp-json\/wp\/v2\/tags?post=228"}],"curies":[{"name":"wp","href":"https:\/\/api.w.org\/{rel}","templated":true}]}}