{"id":223,"date":"2025-03-05T13:40:51","date_gmt":"2025-03-05T10:40:51","guid":{"rendered":"https:\/\/crabsmedia.com.tr\/mc_ahdclinicc\/?p=223"},"modified":"2025-11-25T17:48:10","modified_gmt":"2025-11-25T14:48:10","slug":"basarisiz-sac-ekimi","status":"publish","type":"post","link":"http:\/\/hairtransplantationbeforeafter.com\/tr\/basarisiz-sac-ekimi\/","title":{"rendered":"Ba\u015far\u0131s\u0131z Sa\u00e7 Ekimi"},"content":{"rendered":"\n<p>ISHRS\u2019nin yapt\u0131\u011f\u0131 istatistiklere g\u00f6re sa\u00e7 ekimi yapt\u0131ranlar\u0131n %5-6\u2019s\u0131 yap\u0131lan k\u00f6t\u00fc bir sa\u00e7 ekim sonucunu d\u00fczeltmek i\u00e7in ba\u015fka bir doktor aray\u0131\u015f\u0131na giriyor. Bizim istatistiklerimize g\u00f6reyse; ortalama 10 ki\u015fiden biri ba\u015fka yerde yap\u0131lan ba\u015far\u0131s\u0131z sa\u00e7 ekimini d\u00fczeltmek i\u00e7in klini\u011fimize ba\u015fvurmaktad\u0131r. Hatal\u0131 bir ekimin nas\u0131l d\u00fczeltilece\u011fini de yaz\u0131m\u0131z\u0131n sonuna do\u011fru anlatt\u0131k.<\/p>\n\n\n\n<p>\u0130nsanlar kendilerini daha mutlu hissedeceklerini d\u00fc\u015f\u00fcnd\u00fckleri i\u00e7in sa\u00e7 ektirmek ister. Bununda olmazsa olmaz kural\u0131, yeterli s\u0131kl\u0131\u011f\u0131n olu\u015ftu\u011fu do\u011fal ve ba\u015far\u0131l\u0131 bir sonu\u00e7tur. Fakat maalesef yap\u0131lan ekimlerin bir k\u0131sm\u0131, bu beklentilerin tam aksine k\u00f6t\u00fc bir son ve hayal k\u0131r\u0131kl\u0131\u011f\u0131yla sonu\u00e7lanmaktad\u0131r.<\/p>\n\n\n\n<figure class=\"wp-block-image size-full\"><img loading=\"lazy\" decoding=\"async\" width=\"750\" height=\"390\" src=\"http:\/\/hairtransplantationbeforeafter.com\/wp-content\/uploads\/2025\/03\/yanlis_yapian-sac-ekimi.webp\" alt=\"yanl\u0131\u015f yap\u0131lm\u0131\u015f bir sa\u00e7 ekiminde do\u011fal olmayan sa\u00e7 y\u00f6nleri\" class=\"wp-image-16375\" srcset=\"http:\/\/hairtransplantationbeforeafter.com\/wp-content\/uploads\/2025\/03\/yanlis_yapian-sac-ekimi.webp 750w, http:\/\/hairtransplantationbeforeafter.com\/wp-content\/uploads\/2025\/03\/yanlis_yapian-sac-ekimi-300x156.webp 300w, http:\/\/hairtransplantationbeforeafter.com\/wp-content\/uploads\/2025\/03\/yanlis_yapian-sac-ekimi-20x10.webp 20w\" sizes=\"auto, (max-width: 750px) 100vw, 750px\" \/><\/figure>\n\n\n\n<div id=\"ez-toc-container\" class=\"ez-toc-v2_0_78 counter-hierarchy ez-toc-counter ez-toc-grey ez-toc-container-direction\">\n<div class=\"ez-toc-title-container\">\n<p class=\"ez-toc-title\" style=\"cursor:inherit\">Table of Contents<\/p>\n<span class=\"ez-toc-title-toggle\"><a href=\"#\" class=\"ez-toc-pull-right ez-toc-btn ez-toc-btn-xs ez-toc-btn-default ez-toc-toggle\" aria-label=\"Toggle Table of Content\"><span class=\"ez-toc-js-icon-con\"><span class=\"\"><span class=\"eztoc-hide\" style=\"display:none;\">Toggle<\/span><span class=\"ez-toc-icon-toggle-span\"><svg style=\"fill: #999;color:#999\" xmlns=\"http:\/\/www.w3.org\/2000\/svg\" class=\"list-377408\" width=\"20px\" height=\"20px\" viewBox=\"0 0 24 24\" fill=\"none\"><path d=\"M6 6H4v2h2V6zm14 0H8v2h12V6zM4 11h2v2H4v-2zm16 0H8v2h12v-2zM4 16h2v2H4v-2zm16 0H8v2h12v-2z\" fill=\"currentColor\"><\/path><\/svg><svg style=\"fill: #999;color:#999\" class=\"arrow-unsorted-368013\" xmlns=\"http:\/\/www.w3.org\/2000\/svg\" width=\"10px\" height=\"10px\" viewBox=\"0 0 24 24\" version=\"1.2\" baseProfile=\"tiny\"><path d=\"M18.2 9.3l-6.2-6.3-6.2 6.3c-.2.2-.3.4-.3.7s.1.5.3.7c.2.2.4.3.7.3h11c.3 0 .5-.1.7-.3.2-.2.3-.5.3-.7s-.1-.5-.3-.7zM5.8 14.7l6.2 6.3 6.2-6.3c.2-.2.3-.5.3-.7s-.1-.5-.3-.7c-.2-.2-.4-.3-.7-.3h-11c-.3 0-.5.1-.7.3-.2.2-.3.5-.3.7s.1.5.3.7z\"\/><\/svg><\/span><\/span><\/span><\/a><\/span><\/div>\n<nav><ul class='ez-toc-list ez-toc-list-level-1 eztoc-toggle-hide-by-default' ><li class='ez-toc-page-1 ez-toc-heading-level-2'><a class=\"ez-toc-link ez-toc-heading-1\" href=\"http:\/\/hairtransplantationbeforeafter.com\/tr\/basarisiz-sac-ekimi\/#Sac_ekiminde_basari_kriteri_nedir\" >Sa\u00e7 ekiminde ba\u015far\u0131 kriteri nedir?<\/a><\/li><li class='ez-toc-page-1 ez-toc-heading-level-2'><a class=\"ez-toc-link ez-toc-heading-2\" href=\"http:\/\/hairtransplantationbeforeafter.com\/tr\/basarisiz-sac-ekimi\/#Basarisiz_Sac_Ekimi_Nedenleri\" >Ba\u015far\u0131s\u0131z Sa\u00e7 Ekimi Nedenleri<\/a><\/li><li class='ez-toc-page-1 ez-toc-heading-level-2'><a class=\"ez-toc-link ez-toc-heading-3\" href=\"http:\/\/hairtransplantationbeforeafter.com\/tr\/basarisiz-sac-ekimi\/#_Kotu_Sac_Ekimi_Nasil_Duzeltilir\" >&nbsp;K\u00f6t\u00fc Sa\u00e7 Ekimi Nas\u0131l D\u00fczeltilir?<\/a><\/li><li class='ez-toc-page-1 ez-toc-heading-level-2'><a class=\"ez-toc-link ez-toc-heading-4\" href=\"http:\/\/hairtransplantationbeforeafter.com\/tr\/basarisiz-sac-ekimi\/#Sonuc\" >Sonu\u00e7<\/a><\/li><\/ul><\/nav><\/div>\n<h2 class=\"wp-block-heading\"><span class=\"ez-toc-section\" id=\"Sac_ekiminde_basari_kriteri_nedir\"><\/span>Sa\u00e7 ekiminde ba\u015far\u0131 kriteri nedir?<span class=\"ez-toc-section-end\"><\/span><\/h2>\n\n\n\n<p>Size bunu ayn\u0131 olay\u0131 farkl\u0131 iki kurguyla a\u00e7\u0131klayaca\u011f\u0131z. Sa\u00e7 ekimi yapt\u0131rd\u0131\u011f\u0131n\u0131z\u0131 ve 1 y\u0131ll\u0131k bir s\u00fcre ge\u00e7ti\u011fini varsay\u0131yoruz.<\/p>\n\n\n\n<p>Yeni tan\u0131\u015ft\u0131\u011f\u0131n\u0131z bir kimseyle kar\u015f\u0131 kar\u015f\u0131ya k\u0131sa bir sohbet yapt\u0131\u011f\u0131n\u0131z\u0131 d\u00fc\u015f\u00fcn\u00fcn. Normalde bir insan kar\u015f\u0131s\u0131ndaki kimseyle konu\u015furken o ki\u015finin g\u00f6zlerine bakar. Yani insanlar aras\u0131 ileti\u015fim y\u00fcz y\u00fczedir.<\/p>\n\n\n\n<p><strong>KURGU 1:<\/strong>&nbsp;E\u011fer bu kimse sizinle konu\u015furken g\u00f6zlerinize de\u011fil de s\u00fcrekli sizin sa\u00e7\u0131n\u0131za bak\u0131yorsa, sa\u00e7\u0131n\u0131zda bir sorun vard\u0131r. Hatta k\u0131sa bir s\u00fcre sonra \u201csiz sa\u00e7 m\u0131 ektirdiniz?\u201d diye bir soru sorarsa bu durumdan hi\u00e7 de memnun olmazs\u0131n\u0131z. Hatta \u201cevet maalesef sa\u00e7 ektirdim\u201d diye cevap verece\u011finizi d\u00fc\u015f\u00fcn\u00fcyoruz. \u0130\u015fte bu ba\u015far\u0131s\u0131z ve hatalarla dolu bir sa\u00e7 ekiminden kaynaklanan bir durumdur.<\/p>\n\n\n\n<p><strong>KURGU 2:<\/strong>&nbsp;Ayn\u0131 kimseyle sohbet ediyorsunuz ve ileti\u015fiminiz hep g\u00f6z g\u00f6ze. Kar\u015f\u0131daki ki\u015fi sizin aln\u0131n\u0131za ve sa\u00e7lar\u0131n\u0131z bakm\u0131yor. Hatta bir s\u00fcre sonra sohbet ilerledi ve sa\u00e7 ile ilgili konu\u015fmaya ba\u015flad\u0131n\u0131z. Ve siz kar\u015f\u0131n\u0131zdaki ki\u015fiye \u201d Bak\u0131n ben de sa\u00e7 ekimi yapt\u0131rd\u0131m\u201d dediniz. Kar\u015f\u0131n\u0131zdaki ki\u015fi \u015fa\u015f\u0131rd\u0131 ve\u201d Cidden \u00e7ok g\u00fczel olmu\u015f hi\u00e7 anlayamad\u0131m\u201d dedi. Sizin de bu cevap kar\u015f\u0131s\u0131nda olduk\u00e7a mutlu olaca\u011f\u0131n\u0131z\u0131 d\u00fc\u015f\u00fcn\u00fcyoruz. Bu da ba\u015far\u0131l\u0131 ve y\u00fcz g\u00fcld\u00fcren bir durum de\u011fil mi?<\/p>\n\n\n\n<p>Sonu\u00e7 itibar\u0131yla bir sa\u00e7 ekiminin ba\u015far\u0131l\u0131 say\u0131lmas\u0131 i\u00e7in iki \u015feyin olmas\u0131 gerekir.<\/p>\n\n\n\n<ol class=\"wp-block-list\">\n<li>Do\u011fal ve ba\u015fkalar\u0131 taraf\u0131ndan anla\u015f\u0131lmayan bir sa\u00e7 \u00e7izgisi<\/li>\n\n\n\n<li>Yeterli say\u0131daki sa\u00e7 s\u0131kl\u0131\u011f\u0131<\/li>\n<\/ol>\n\n\n\n<p><span style=\"font-weight: 400;\">Peki bir sa\u00e7 ekimi neden k\u00f6t\u00fc olur ? Yap\u0131lan hatalar\u0131n nedenleri nelerdir? \u015eimdi bu sorulara cevap vermeye \u00e7al\u0131\u015faca\u011f\u0131z.<\/span><\/p>\n\n\n\n<h2 class=\"wp-block-heading\"><span class=\"ez-toc-section\" id=\"Basarisiz_Sac_Ekimi_Nedenleri\"><\/span>Ba\u015far\u0131s\u0131z Sa\u00e7 Ekimi Nedenleri<span class=\"ez-toc-section-end\"><\/span><\/h2>\n\n\n\n<p>Sa\u00e7 ekim yapt\u0131r\u0131p \u00f6n sa\u00e7 \u00e7izgisinde kal\u0131n ve \u00e7oklu \u015fekilde dik dik \u00e7\u0131kan k\u00f6klerin oldu\u011fu bir ki\u015fi d\u00fc\u015f\u00fcn\u00fcn. Hatta yer yer homojen olmayan bo\u015fluklar i\u00e7eren seyrek bir g\u00f6r\u00fcnt\u00fc ve aralarda belirgin skar izleri de var. B\u00f6yle bir ki\u015finin yerinde olmak ister misiniz? Elbette hay\u0131r diyeceksiniz. Peki yap\u0131lan bu sa\u00e7 ekimi neden yolunda gitmemi\u015f olabilir. Neden b\u00f6yle berbat bir g\u00f6r\u00fcnt\u00fc ortaya \u00e7\u0131km\u0131\u015f olabilir.<\/p>\n\n\n\n<figure class=\"wp-block-image size-full\"><img loading=\"lazy\" decoding=\"async\" width=\"750\" height=\"445\" src=\"http:\/\/hairtransplantationbeforeafter.com\/wp-content\/uploads\/2025\/03\/hatali_sac_ekimleri.webp\" alt=\"ba\u015far\u0131s\u0131z bir sa\u00e7 ekiminde yetersiz sa\u00e7 \u00e7\u0131k\u0131\u015f\u0131\" class=\"wp-image-16376\" srcset=\"http:\/\/hairtransplantationbeforeafter.com\/wp-content\/uploads\/2025\/03\/hatali_sac_ekimleri.webp 750w, http:\/\/hairtransplantationbeforeafter.com\/wp-content\/uploads\/2025\/03\/hatali_sac_ekimleri-300x178.webp 300w, http:\/\/hairtransplantationbeforeafter.com\/wp-content\/uploads\/2025\/03\/hatali_sac_ekimleri-20x12.webp 20w\" sizes=\"auto, (max-width: 750px) 100vw, 750px\" \/><\/figure>\n\n\n\n<p>\u0130\u015fte bir sa\u00e7 ekiminde olu\u015fan hatal\u0131 ve ba\u015far\u0131s\u0131z sonu\u00e7lar\u0131n nedenlerini 3 ana ba\u015fl\u0131kta inceleyebiliriz. Bunlar;<\/p>\n\n\n\n<ol class=\"wp-block-list\">\n<li><strong>Sa\u00e7 ekimi \u00f6ncesinde yap\u0131lan hatalar<\/strong>&nbsp;(don\u00f6r b\u00f6lgesi zay\u0131f ve uygun olmayan hastaya sa\u00e7 ekimi yap\u0131lmas\u0131, abart\u0131l\u0131 reklamlara kanma, ger\u00e7ek d\u0131\u015f\u0131 vaatler gibi)<\/li>\n\n\n\n<li><strong>Sa\u00e7 ekimi ameliyat\u0131nda yap\u0131lan hatalar<\/strong>&nbsp;(Cerrah ve yard\u0131mc\u0131 personelin yetersizli\u011fi, yanl\u0131\u015f sa\u00e7 \u00e7izgisi, eksik planlama, a\u015f\u0131r\u0131 greft al\u0131m\u0131, uygun olmayan ekipman kullan\u0131m\u0131 yetersiz ve hatal\u0131 ekilen greftler, enfeksiyon)<\/li>\n\n\n\n<li><strong>Operasyon sonras\u0131nda yap\u0131lan hatalar<\/strong>&nbsp;(sa\u00e7 ekimi sonras\u0131nda yetersiz bak\u0131m)<\/li>\n<\/ol>\n\n\n\n<p>\u015eimdi 3 ana gruba ay\u0131rd\u0131\u011f\u0131m\u0131z bu nedenleri <strong>11 alt ba\u015fl\u0131kta<\/strong> ayr\u0131nt\u0131l\u0131 olarak inceleyece\u011fiz.<\/p>\n\n\n\n<p>1) <strong>Sa\u00e7 ekimine uygunluk durumu<\/strong><\/p>\n\n\n\n<p>Bize g\u00f6re ba\u015far\u0131s\u0131z bir sonucun\u00a0<strong>en \u00f6nemli\u00a0nedeni<\/strong> budur. E\u011fer uygun olmayan bir kimseye sa\u00e7 ekimi yap\u0131lm\u0131\u015fsa, zaten di\u011fer kriterleri konu\u015fmaya gerek bile yoktur. \u00c7\u00fcnk\u00fc h\u00fcsranla biten ba\u015far\u0131s\u0131z bir sonu\u00e7 zaten ka\u00e7\u0131n\u0131lmazd\u0131r. Operasyondan \u00f6nce ya\u015f, ailesindeki d\u00f6k\u00fclme hikayesi, don\u00f6r b\u00f6lge kalitesi ve ki\u015finin beklentisi gibi kriterler mutlaka incelenmelidir. Bunlar\u0131 sa\u00e7 ekimine uygun musunuz konulu yaz\u0131m\u0131zda ayr\u0131nt\u0131l\u0131 olarak a\u00e7\u0131klad\u0131k. \u00d6zellikle \u00e7ok gen\u00e7 ya\u015flarda ve beklentisi \u00e7ok y\u00fcksek olan ki\u015filerde sa\u00e7 ekimi yapmak risklidir.<\/p>\n\n\n\n<p>Ger\u00e7ek bir sa\u00e7 ekim cerrah\u0131 hayal satmaz. Asla uygun olmayan bir kimseye s\u0131rf para kazanmak i\u00e7in sa\u00e7 ekimi yapmaz.<\/p>\n\n\n\n<p>2) <strong>Ger\u00e7ek d\u0131\u015f\u0131 vaatler ve abart\u0131l\u0131 reklamlar<\/strong><\/p>\n\n\n\n<p>Sa\u00e7 erkek i\u00e7in vazge\u00e7ilmez bir aksesuard\u0131r. Nas\u0131l ki bir kad\u0131n \u00e7antas\u0131z olarak d\u0131\u015far\u0131da gezmek istemezse, erkekte sa\u00e7s\u0131z olmak istemez. \u0130\u015fte erkeklerin bu sa\u00e7 zaaf\u0131ndan faydalanmak isteyen kimseler, ger\u00e7ek d\u0131\u015f\u0131 vaat ve reklamlarla piyasada cirit at\u0131yorlar. Maalesef bunlara kanan ki\u015filerden dolay\u0131, ba\u015far\u0131s\u0131z sa\u00e7 ekimlerinin say\u0131s\u0131 da olduk\u00e7a art\u0131yor.<\/p>\n\n\n\n<figure class=\"wp-block-image size-full\"><img loading=\"lazy\" decoding=\"async\" width=\"750\" height=\"222\" src=\"http:\/\/hairtransplantationbeforeafter.com\/wp-content\/uploads\/2025\/03\/sac_ekiminde_hatali-yonler.webp\" alt=\"yanl\u0131\u015f y\u00f6nlere yap\u0131lan sa\u00e7 ekimi ve do\u011fal olmayan bir sonu\u00e7\" class=\"wp-image-16377\" srcset=\"http:\/\/hairtransplantationbeforeafter.com\/wp-content\/uploads\/2025\/03\/sac_ekiminde_hatali-yonler.webp 750w, http:\/\/hairtransplantationbeforeafter.com\/wp-content\/uploads\/2025\/03\/sac_ekiminde_hatali-yonler-300x89.webp 300w, http:\/\/hairtransplantationbeforeafter.com\/wp-content\/uploads\/2025\/03\/sac_ekiminde_hatali-yonler-20x6.webp 20w\" sizes=\"auto, (max-width: 750px) 100vw, 750px\" \/><\/figure>\n\n\n\n<ul class=\"wp-block-list has-vivid-red-color has-text-color has-link-color wp-elements-380e8e5cf43e378e0566f2ca2477a41a\">\n<li><strong>Garanti belgeli sa\u00e7 ekiyoruz,<\/strong><\/li>\n\n\n\n<li><strong>Ucuz fiyata s\u0131n\u0131rs\u0131z sa\u00e7 nakli<\/strong><\/li>\n\n\n\n<li><strong>Tek seansta 10.000 greft sa\u00e7 ekimi<\/strong><\/li>\n\n\n\n<li><strong>Ultrasonla sa\u00e7 ekilir<\/strong><\/li>\n<\/ul>\n\n\n\n<p>Bunlar kula\u011fa ho\u015f gelen fakat <strong>ger\u00e7ekle hi\u00e7 alakas\u0131 olmayan yalan reklamlard\u0131r.<\/strong> Bu maalesef T\u00fcrkiye\u2019de olduk\u00e7a s\u0131k rastlanan ve istismar edilen bir durumdur. \u00c7\u00fcnk\u00fc bir\u00e7ok yalan reklam ve vaatlerle insanlara hayal sat\u0131lmaktad\u0131r. Cazibeli web siteleri ve paral\u0131 Google reklamlar\u0131yla da buna zemin haz\u0131rlamak daha kolay olmaktad\u0131r. Ayr\u0131ca bu durum T\u00fcrkiye\u2019nin sa\u00e7 ekimi imaj\u0131n\u0131 da t\u00fcm d\u00fcnyada olumsuz y\u00f6nde sarsmaktad\u0131r. \u00c7\u00fcnk\u00fc Amerika ve daha bir \u00e7ok \u00fclkede \u201csa\u00e7 ekimi i\u00e7in T\u00fcrkiye\u2019ye gitmeyin\u201d \u015feklinde kara propaganda yap\u0131lmaktad\u0131r. Halbuki T\u00fcrkiye\u2019de sa\u00e7 ekimini \u00e7ok iyi yapan ve d\u00fcnyada isim yapm\u0131\u015f bir\u00e7ok yetenekli sa\u00e7 cerrah\u0131 bulunmaktad\u0131r. Asl\u0131nda \u201ckurunun yan\u0131nda ya\u015f da yanmaktad\u0131r\u201d diye s\u00f6ylenen T\u00fcrk atas\u00f6z\u00fc tam da buna uymaktad\u0131r.<\/p>\n\n\n\n<p>3) <strong>Deneyimsiz doktor ve e\u011fitimsiz teknisyenler<\/strong><\/p>\n\n\n\n<p>Sa\u00e7 ekiminde greftlerin al\u0131m\u0131 ve al\u0131c\u0131 alanlara yerle\u015ftirilmesi \u00f6zel bilgi ve deneyim gerektiren i\u015flemlerdir. Bu konuda yeteri kadar say\u0131da tecr\u00fcbeli doktor yoktur. Maalesef ba\u015far\u0131s\u0131z sonu\u00e7lar\u0131n \u00f6nemli bir k\u0131sm\u0131na doktorun tecr\u00fcbe eksikli\u011fi ve teknisyenlerin yetersiz e\u011fitimi neden olmaktad\u0131r. Tecr\u00fcbeli bir doktor operasyonun her a\u015famas\u0131n\u0131 ayr\u0131nt\u0131lar\u0131yla planlar ve bu plana uyarak ekimi ger\u00e7ekle\u015ftirir. Ayr\u0131ca T\u00fcrkiye\u2019de teknisyenler i\u00e7in sa\u00e7 ekimi e\u011fitiminin verildi\u011fi resmi bir kurulu\u015f hen\u00fcz yoktur. Bu bo\u015fluktan dolay\u0131 maalesef ambulans \u015fof\u00f6r\u00fc, emekli \u00f6\u011fretmen, ayakkab\u0131 boyac\u0131s\u0131, emlak\u00e7\u0131 gibi her meslekten insan, matbaada kartvizit bast\u0131r\u0131p \u201cben sa\u00e7 ekimi uzman\u0131y\u0131m\u201d diyebilmektedir. Bu durum hatal\u0131 ve k\u00f6t\u00fc sonu\u00e7lara davetiye \u00e7\u0131karan \u00f6nemli bir etkendir.<\/p>\n\n\n\n<p>4) <strong>A\u015f\u0131r\u0131 greft al\u0131m\u0131<\/strong><\/p>\n\n\n\n<p>Herkesin don\u00f6r b\u00f6lge kapasitesi farkl\u0131d\u0131r. E\u011fer bu kapasite a\u015f\u0131larak fazla say\u0131da ve homojen olmayan \u015fekilde sa\u00e7 folik\u00fcl\u00fc al\u0131n\u0131rsa, don\u00f6r b\u00f6lgede yer yer yama tarz\u0131nda k\u00f6t\u00fc g\u00f6r\u00fcnt\u00fcler olmas\u0131 ka\u00e7\u0131n\u0131lmazd\u0131r. Greft al\u0131m kurallar\u0131na mutlaka uyulmal\u0131d\u0131r. Klini\u011fimize hatal\u0131 greft al\u0131m\u0131ndan dolay\u0131 don\u00f6r b\u00f6lgesini d\u00fczeltmek i\u00e7in ba\u015fvuran ki\u015fi say\u0131s\u0131 olduk\u00e7a fazlad\u0131r.<\/p>\n\n\n\n<p>5) <strong>Sa\u00e7 ekimine kullan\u0131lan aletler<\/strong><\/p>\n\n\n\n<p>\u0130yi bir sa\u00e7 cerrah\u0131 s\u00fcrekli kendini yenilemek zorundad\u0131r. Her operasyonun bir \u00f6ncekinden daha ba\u015far\u0131l\u0131 olmas\u0131 i\u00e7in \u00e7aba g\u00f6stermelidir. Hangi hastada hangi teknikle uygun sonu\u00e7 alabilece\u011fini ara\u015ft\u0131rmal\u0131d\u0131r. Greft al\u0131m ve ekim a\u015famas\u0131nda kullan\u0131lan aparatlar, iyi bir sonu\u00e7 alabilmek i\u00e7in \u00f6nemlidir. Ayr\u0131ca tek kullan\u0131ml\u0131k aletler olabilir. Mesela dhi y\u00f6nteminde kullan\u0131lan implanter i\u011fne u\u00e7lar\u0131 gibi. Bunlar kesinlikle ikinci bir hastada kullan\u0131lmamal\u0131d\u0131r.<\/p>\n\n\n\n<p>6)<strong> Yanl\u0131\u015f sa\u00e7 \u00e7izgisi<\/strong><\/p>\n\n\n\n<figure class=\"wp-block-image size-full\"><img loading=\"lazy\" decoding=\"async\" width=\"750\" height=\"393\" src=\"http:\/\/hairtransplantationbeforeafter.com\/wp-content\/uploads\/2025\/03\/sac_ekiminde_yanlis_sac-cizgisi.webp\" alt=\"hatal\u0131 sa\u00e7 \u00e7izgisi ve k\u00f6t\u00fc bir sa\u00e7 ekim \u00f6rne\u011fi\" class=\"wp-image-16378\" srcset=\"http:\/\/hairtransplantationbeforeafter.com\/wp-content\/uploads\/2025\/03\/sac_ekiminde_yanlis_sac-cizgisi.webp 750w, http:\/\/hairtransplantationbeforeafter.com\/wp-content\/uploads\/2025\/03\/sac_ekiminde_yanlis_sac-cizgisi-300x157.webp 300w, http:\/\/hairtransplantationbeforeafter.com\/wp-content\/uploads\/2025\/03\/sac_ekiminde_yanlis_sac-cizgisi-20x10.webp 20w\" sizes=\"auto, (max-width: 750px) 100vw, 750px\" \/><\/figure>\n\n\n\n<p>Sa\u00e7 ekiminde do\u011fall\u0131\u011f\u0131 sa\u011flaman\u0131n en \u00f6nemli etkenlerinden birsi de do\u011fru bir sa\u00e7 \u00e7izgisi tasar\u0131m\u0131d\u0131r. Burada cerrah\u0131n sanatsal bak\u0131\u015f a\u00e7\u0131s\u0131 \u00f6n plana \u00e7\u0131kar. Ayr\u0131ca greftlerin do\u011fru a\u00e7\u0131 ve y\u00f6nde ekilmesi gerekir. Sa\u00e7lar tamamen \u00e7\u0131ksa bile yanl\u0131\u015f tasarlanm\u0131\u015f bir sa\u00e7 \u00e7izgisi ki\u015fiyi hi\u00e7bir zaman mutlu etmez. Bu konunun ayr\u0131nt\u0131lar\u0131 i\u00e7in do\u011fal sa\u00e7 ekimi nas\u0131l yap\u0131l\u0131r isimli yaz\u0131m\u0131za bakabilirsiniz.<\/p>\n\n\n\n<p>7) <strong>Hatal\u0131 greft ekimi<\/strong><\/p>\n\n\n\n<figure class=\"wp-block-image size-full\"><img loading=\"lazy\" decoding=\"async\" width=\"750\" height=\"209\" src=\"http:\/\/hairtransplantationbeforeafter.com\/wp-content\/uploads\/2025\/03\/kotu_sac_ekimi.webp\" alt=\"k\u00f6t\u00fc bir sa\u00e7 ekiminde, dik \u00e7\u0131kan sa\u00e7 y\u00f6nleri\" class=\"wp-image-16379\" srcset=\"http:\/\/hairtransplantationbeforeafter.com\/wp-content\/uploads\/2025\/03\/kotu_sac_ekimi.webp 750w, http:\/\/hairtransplantationbeforeafter.com\/wp-content\/uploads\/2025\/03\/kotu_sac_ekimi-300x84.webp 300w, http:\/\/hairtransplantationbeforeafter.com\/wp-content\/uploads\/2025\/03\/kotu_sac_ekimi-20x6.webp 20w\" sizes=\"auto, (max-width: 750px) 100vw, 750px\" \/><\/figure>\n\n\n\n<p>Doktor ve yard\u0131mc\u0131 teknisyenlerin bilgi ve tecr\u00fcbesi eksikse sa\u00e7 ekiminde ciddi yanl\u0131\u015flar\u0131n yap\u0131lma olas\u0131l\u0131\u011f\u0131 olduk\u00e7a artar. K\u00f6klere zarar vermeden ekim yapmak gerekir. Hangi derinli\u011fe greftlerin yerle\u015ftirilece\u011fi bilinmelidir. Teknik kurallar\u0131 bilmeden geli\u015fig\u00fczel yap\u0131lan ekimlerde kay\u0131p oran\u0131 olduk\u00e7a y\u00fcksektir. Pi\u015fman olmak istemiyorsan\u0131z, kime ekim yapt\u0131raca\u011f\u0131n\u0131z konusunda iyi ara\u015ft\u0131rma yapman\u0131z gerekir. Aksi takdirde berbat bir g\u00f6r\u00fcn\u00fcm i\u00e7eren ba\u015far\u0131s\u0131z bir sonu\u00e7la kar\u015f\u0131la\u015fman\u0131z y\u00fcksek olas\u0131l\u0131kt\u0131r.<\/p>\n\n\n\n<p>8) <strong>Yetersiz greft say\u0131s\u0131<\/strong><\/p>\n\n\n\n<p>Norwood 6-7 gibi kelliklerde al\u0131c\u0131 alan olduk\u00e7a b\u00fcy\u00fckt\u00fcr. Muhtemelen greft say\u0131s\u0131 bu b\u00f6lgeyi kapatmaya yetmeyecektir. Sonu\u00e7ta ekim sonras\u0131nda seyrek g\u00f6r\u00fcnt\u00fc ortaya \u00e7\u0131kacakt\u0131r. Deneyimli bir doktor sa\u00e7 ekimine uygun oldu\u011funu d\u00fc\u015f\u00fcnd\u00fc\u011f\u00fc hastan\u0131n planlamas\u0131n\u0131 da do\u011fru yapmal\u0131d\u0131r. Aksi takdirde homojen olmayan ve d\u00fczensiz bo\u015fluklar i\u00e7eren seyrek bir g\u00f6r\u00fcnt\u00fc hi\u00e7bir zaman ki\u015fiyi mutlu etmez.<\/p>\n\n\n\n<p>9) <strong>Operasyon s\u00fcresi<\/strong><\/p>\n\n\n\n<p>Greft say\u0131s\u0131 artt\u0131k\u00e7a operasyon s\u00fcresi de uzayacakt\u0131r. Bir sa\u00e7 ekiminde ideal olan maksimum s\u00fcre 8 saattir. 8 saati ge\u00e7en ekimlerde sa\u00e7 k\u00f6klerindeki kay\u0131p oran\u0131 artar. Ve ekilen sa\u00e7 folik\u00fcllerinin bir k\u0131sm\u0131 hi\u00e7 \u00e7\u0131kmaz. \u00c7\u00fcnk\u00fc bu k\u00f6kler \u00f6lm\u00fc\u015ft\u00fcr. Biz bir sa\u00e7 ekimi i\u00e7in 6-7 saat i\u00e7erisinde bitecek \u015fekilde 2.000 grefti ge\u00e7meyen bir planlama yap\u0131yoruz. E\u011fer daha fazla greft ekilecekse mutlaka ard\u0131\u015f\u0131k g\u00fcnlere b\u00f6l\u00fcnerek ekim yap\u0131lmal\u0131d\u0131r.<\/p>\n\n\n\n<p>10) <strong>Enfeksiyon ve sterilizasyon kurallar\u0131<\/strong><\/p>\n\n\n\n<p>Genel t\u0131bb\u0131n sterilizasyon kurallar\u0131na uyulmadan bir sa\u00e7 ekimi yap\u0131l\u0131rsa, sa\u00e7l\u0131 derde enfeksiyon riski artacakt\u0131r. Bu da ekilen k\u00f6klerin \u00f6l\u00fcm\u00fcne ve yetersiz k\u00f6k \u00e7\u0131k\u0131\u015f\u0131na neden olacakt\u0131r.<\/p>\n\n\n\n<p>Ayr\u0131ca s\u00fcre uzad\u0131\u011f\u0131nda gereken lokal anestezi dozu ve al\u0131c\u0131 alandaki kanama miktar\u0131 da artacakt\u0131r. Kanamay\u0131 bask\u0131lamak i\u00e7in verilen epinefrin (adrenalin) ise nekroz olu\u015fma riskini olduk\u00e7a y\u00fckseltir.\u00a0Nekroz\u00a0sa\u00e7 ekiminde istenmeyen \u00f6nemli bir komplikasyondur. \u00c7\u00fcnk\u00fc o b\u00f6lgede kan ak\u0131\u015f\u0131 kesilir ve beslenme bozuklu\u011fu olu\u015fur. Yani doku \u00f6l\u00fcr ve o b\u00f6lgede kara bir renk olu\u015fur. Biz dhi y\u00f6ntemiyle sa\u00e7 ekimi yap\u0131yoruz ve \u015fimdiye kadar hi\u00e7bir nekroz vakas\u0131 ya\u015famad\u0131k.<\/p>\n\n\n\n<p>11) <strong>Ekim sonras\u0131 yetersiz bak\u0131m<\/strong><\/p>\n\n\n\n<p>Sa\u00e7 ekiminden sonra her \u015fey yolunda gitmeyebilir. Sa\u00e7 ekimi yapt\u0131raca\u011f\u0131n\u0131z yer operasyondan sonra en az 1 y\u0131l destek alabilece\u011finiz bir klinik ya da doktor olmal\u0131d\u0131r.<\/p>\n\n\n\n<p>G\u00f6r\u00fcld\u00fc\u011f\u00fc gibi ba\u015far\u0131s\u0131zl\u0131kla sonu\u00e7lanan bir sa\u00e7 ekimine neden olacak bir \u00e7ok neden vard\u0131r.<\/p>\n\n\n\n<p>E\u011fer T\u00fcrkiye\u2019de sa\u00e7 ektirmeyi d\u00fc\u015f\u00fcn\u00fcyorsan\u0131z \u015fu hususlara dikkat etmelisiniz.<\/p>\n\n\n\n<ul class=\"wp-block-list\">\n<li>Operasyon yapt\u0131rmay\u0131 d\u00fc\u015f\u00fcnd\u00fc\u011f\u00fcn\u00fcz yerde doktor var m\u0131?<\/li>\n\n\n\n<li>Doktor bizzat sa\u00e7 ekiminde bulunuyor mu?<\/li>\n\n\n\n<li>Klini\u011fi ve doktorun uluslararas\u0131 referanslar\u0131 ve sayg\u0131n kurulu\u015flarda kayd\u0131 var m\u0131?<\/li>\n\n\n\n<li>Sa\u00e7 ekimi konusundaki deneyimi nedir? Doktorun \u00f6ncesi ve sonras\u0131 sa\u00e7 ekim sonu\u00e7lar\u0131 hakk\u0131nda mutlaka ara\u015ft\u0131rma yap\u0131n.<\/li>\n<\/ul>\n\n\n\n<p><span style=\"font-weight: 400;\">Bu sorular\u0131n cevab\u0131na g\u00f6re kendinize en uygun yeri bulaca\u011f\u0131n\u0131z\u0131 d\u00fc\u015f\u00fcn\u00fcyoruz.<\/span><\/p>\n\n\n\n<h2 class=\"wp-block-heading\"><span class=\"ez-toc-section\" id=\"_Kotu_Sac_Ekimi_Nasil_Duzeltilir\"><\/span>&nbsp;K\u00f6t\u00fc Sa\u00e7 Ekimi Nas\u0131l D\u00fczeltilir?<span class=\"ez-toc-section-end\"><\/span><\/h2>\n\n\n\n<p>Sa\u00e7 ekimindeki yap\u0131lan hatalara ba\u011fl\u0131 olu\u015fan k\u00f6t\u00fc sonu\u00e7lar\u0131n nedenlerini yukar\u0131da anlatm\u0131\u015ft\u0131k. <strong>Peki ba\u015far\u0131s\u0131z bir sonu\u00e7 d\u00fczeltilemez mi ? <\/strong>O kadar da karamsar olmayal\u0131m. <strong>D\u00fczeltilebilir fakat bu olduk\u00e7a zor, zahmetli ve uzun s\u00fcre\u00e7 gerektiren bir i\u015flemdir. <\/strong>\u00c7\u00fcnk\u00fc hi\u00e7 ekim yap\u0131lmam\u0131\u015f bir kimseye, kurallar\u0131na uygun bir \u015fekilde ekim yapmak \u00e7ok daha kolayd\u0131r. \u015eimdi tamamen bilgi i\u00e7erikli bu yaz\u0131m\u0131zda olduk\u00e7a zor olan bu onar\u0131m i\u015fleminin nas\u0131l yap\u0131ld\u0131\u011f\u0131n\u0131 anlatmaya ba\u015fl\u0131yoruz.<\/p>\n\n\n\n<figure class=\"wp-block-image size-full\"><img loading=\"lazy\" decoding=\"async\" width=\"750\" height=\"522\" src=\"http:\/\/hairtransplantationbeforeafter.com\/wp-content\/uploads\/2025\/03\/basarisiz_sac-ekimi_nasil-duzelir.webp\" alt=\"7 seans sonucunda berbat bir sa\u00e7 ekiminin d\u00fczeltilmesini g\u00f6steren bir \u00f6rnek\" class=\"wp-image-16387\" srcset=\"http:\/\/hairtransplantationbeforeafter.com\/wp-content\/uploads\/2025\/03\/basarisiz_sac-ekimi_nasil-duzelir.webp 750w, http:\/\/hairtransplantationbeforeafter.com\/wp-content\/uploads\/2025\/03\/basarisiz_sac-ekimi_nasil-duzelir-300x209.webp 300w, http:\/\/hairtransplantationbeforeafter.com\/wp-content\/uploads\/2025\/03\/basarisiz_sac-ekimi_nasil-duzelir-20x14.webp 20w\" sizes=\"auto, (max-width: 750px) 100vw, 750px\" \/><\/figure>\n\n\n\n<p>Do\u011fru bir ara\u015ft\u0131rma yapmadan ve \u00f6zellikle ucuz kliniklerde k\u00f6t\u00fc sonu\u00e7 alan kimseler s\u00fctten a\u011fz\u0131 yanan ki\u015filerdir. Hakl\u0131 olarak yo\u011furdu \u00fcfleyerek yemek isterler. (T\u00fcrk ata s\u00f6z\u00fc) Bu sefer i\u015fi sa\u011flama al\u0131p k\u00f6t\u00fc sonucu d\u00fczetebilecek en iyi yer neresidir sorusunun cevab\u0131n\u0131 aramaya ba\u015flarlar.<\/p>\n\n\n\n<p>Ne yaz\u0131k ki bu d\u00fczeltme i\u015flemini yapabilen d\u00fcnyada \u00e7ok az doktor vard\u0131r. Bunlardan biri olan Ahd klinik, ba\u015far\u0131s\u0131z sa\u00e7 ekimlerinin d\u00fczeltilmesi i\u015fleminde sayg\u0131n bir yere sahiptir. Dr. Hakan Do\u011fanay 15 y\u0131l\u0131 a\u015fk\u0131n bir s\u00fcredir bir \u00e7ok hatal\u0131 ekimin onar\u0131lmas\u0131n\u0131 ba\u015far\u0131ya ger\u00e7ekle\u015ftirmi\u015ftir.<\/p>\n\n\n\n<div class=\"wp-block-essential-blocks-row alignfull  root-eb-row-j476z\"><div class=\"eb-parent-wrapper eb-parent-eb-row-j476z \"><div class=\"eb-row-root-container eb-row-j476z\" data-id=\"eb-row-j476z\"><div class=\"eb-row-wrapper\"><div class=\"eb-row-inner\">\n<div class=\"wp-block-essential-blocks-column  root-eb-column-uui35\"><div class=\"eb-parent-wrapper eb-parent-eb-column-uui35 \"><div class=\"eb-column-wrapper eb-column-uui35\"><div class=\"eb-column-inner\">\n<p class=\"has-white-color has-text-color has-link-color has-large-font-size wp-elements-0d5b171d1e9139274fd2593200b2a048\"><strong>AHD klinik size yard\u0131mc\u0131 olabilir.<\/strong><\/p>\n\n\n\n<p class=\"has-white-color has-text-color has-link-color has-medium-font-size wp-elements-b828a418edf9174eefde034db2d56364\">Hayal k\u0131r\u0131kl\u0131\u011f\u0131 ya\u015fad\u0131\u011f\u0131n\u0131z bir sa\u00e7 naklini d\u00fczeltmek m\u00fcmk\u00fcnd\u00fcr.<\/p>\n<\/div><\/div><\/div><\/div>\n\n\n\n<div class=\"wp-block-essential-blocks-column  root-eb-column-q95q2\"><div class=\"eb-parent-wrapper eb-parent-eb-column-q95q2 \"><div class=\"eb-column-wrapper eb-column-q95q2\"><div class=\"eb-column-inner\">\n<div class=\"wp-block-essential-blocks-button  root-eb-button-408vr\"><div class=\"eb-parent-wrapper eb-parent-eb-button-408vr \"><div class=\"eb-button-wrapper eb-button-alignment eb-button-408vr\"><div class=\"eb-button\"><div class=\"eb-button-inner-wrapper \"><a class=\"eb-button-anchor  \" href=\"https:\/\/api.whatsapp.com\/send?phone=905323134198\" target=\"_blank\" rel=\"noopener\">\u0130leti\u015fime Ge\u00e7in<\/a><\/div><\/div><\/div><\/div><\/div>\n<\/div><\/div><\/div><\/div>\n<\/div><\/div><\/div><\/div><\/div>\n\n\n\n<p>Yanl\u0131\u015f bir sa\u00e7 ekiminde \u015fu belirtilerden biri ya da tamam\u0131 olabilir.<\/p>\n\n\n\n<ul class=\"wp-block-list\">\n<li>a) \u00d6n sa\u00e7 \u00e7izgisinde kal\u0131n ve \u00e7oklu k\u00f6kler<\/li>\n\n\n\n<li>b) Dik a\u00e7\u0131larla olu\u015fan bir sa\u00e7 \u00e7izgisi ve yanl\u0131\u015f y\u00f6nler<\/li>\n\n\n\n<li>c) A\u015f\u0131r\u0131 greft al\u0131m\u0131ndan dolay\u0131, don\u00f6r b\u00f6lgede seyrek ve homojen olmayan k\u00f6t\u00fc g\u00f6r\u00fcnt\u00fc.<\/li>\n\n\n\n<li>d) Sa\u00e7 ekimi yap\u0131lan b\u00f6lgede enfeksiyon ve nekroz<\/li>\n<\/ul>\n\n\n\n<p>Bu k\u00f6t\u00fc g\u00f6r\u00fcnt\u00fcler<strong> 5 y\u00f6ntemle<\/strong> onar\u0131labilir. Asl\u0131nda bu be\u015f y\u00f6ntemin \u00e7o\u011fu i\u00e7 i\u00e7edir. Bunlar<\/p>\n\n\n\n<ol class=\"wp-block-list\">\n<li>Greft eksizyonu<\/li>\n\n\n\n<li>Kamuflaj<\/li>\n\n\n\n<li>Yeniden sa\u00e7 ekimi<\/li>\n\n\n\n<li>Kombine y\u00f6ntem (kamuflaj, eksizyon ve yeniden ekim birlikte yap\u0131l\u0131r)<\/li>\n\n\n\n<li>Microblading (sa\u00e7 d\u00f6vmesi)<\/li>\n<\/ol>\n\n\n\n<p>\u015eimdi bu onar\u0131m y\u00f6ntemlerinin ayr\u0131nt\u0131lar\u0131na bakaca\u011f\u0131z.<\/p>\n\n\n\n<h3 class=\"wp-block-heading\">Greft eksizyonu<\/h3>\n\n\n\n<p>\u00d6n sa\u00e7 \u00e7izgisindeki \u00e7oklu ve yanl\u0131\u015f a\u00e7\u0131larla a\u00e7\u0131lan k\u00f6kler \u00e7ok k\u00f6t\u00fc bir g\u00f6r\u00fcnt\u00fc olu\u015fturur. Bunlar\u0131n FUE y\u00f6ntemiyle tek tek \u00e7\u0131kart\u0131lmas\u0131 en uygun \u00e7\u00f6z\u00fcmd\u00fcr. Bunun i\u00e7in m\u00fcmk\u00fcn olan en ince fue punchlar\u0131 ile kullan\u0131lmal\u0131d\u0131r. \u00c7\u0131kart\u0131lan sa\u011flam ve \u00e7oklu greftler daha sonra, geri b\u00f6lgelere tekrar ekilir. Burada ama\u00e7 \u00f6n sa\u00e7 \u00e7izgisindeki k\u00f6t\u00fc ve sert g\u00f6r\u00fcn\u00fcm\u00fcn yumu\u015fat\u0131lmas\u0131d\u0131r.<\/p>\n\n\n\n<p>A\u015fa\u011f\u0131da hatal\u0131 k\u00f6k ekimi yap\u0131lan bir hastada, bu k\u00f6t\u00fc sa\u00e7 k\u00f6kleri tek tek \u00e7\u0131kart\u0131lm\u0131\u015f olan resmi g\u00f6r\u00fcyorsunuz.<\/p>\n\n\n\n<figure class=\"wp-block-image size-full\"><img loading=\"lazy\" decoding=\"async\" width=\"750\" height=\"359\" src=\"http:\/\/hairtransplantationbeforeafter.com\/wp-content\/uploads\/2025\/03\/basarisiz_sac-ekimi_onarma.webp\" alt=\"sa\u00e7 ekiminde yanl\u0131\u015f ekilen greftleri \u00e7\u0131karmak gereklidir.\" class=\"wp-image-16388\" srcset=\"http:\/\/hairtransplantationbeforeafter.com\/wp-content\/uploads\/2025\/03\/basarisiz_sac-ekimi_onarma.webp 750w, http:\/\/hairtransplantationbeforeafter.com\/wp-content\/uploads\/2025\/03\/basarisiz_sac-ekimi_onarma-300x144.webp 300w, http:\/\/hairtransplantationbeforeafter.com\/wp-content\/uploads\/2025\/03\/basarisiz_sac-ekimi_onarma-20x10.webp 20w\" sizes=\"auto, (max-width: 750px) 100vw, 750px\" \/><\/figure>\n\n\n\n<p>\u00d6zellikle \u015fakak b\u00f6lgesine yap\u0131lan ekimlerde dik \u00e7\u0131kan sa\u00e7lar \u00e7ok k\u00f6t\u00fc bir g\u00f6r\u00fcnt\u00fc olu\u015fturur. Bunun i\u00e7in \u015fakak \u00fc\u00e7genindeki hatal\u0131 k\u00f6klerin tamam\u0131n\u0131n \u00e7\u0131kart\u0131lmas\u0131 gerekir.<\/p>\n\n\n\n<p>Tek seansta hatal\u0131 ekilen k\u00f6klerin tamam\u0131n\u0131 \u00e7\u0131kartmak m\u00fcmk\u00fcn olmayabilir. \u0130yile\u015fme tamamland\u0131ktan sonra ikinci yada \u00fc\u00e7\u00fcnc\u00fc seans greft eksizyonu gerekebilir.<\/p>\n\n\n\n<p>Daha sonra bu b\u00f6lgenin iyile\u015fmesi beklenir. Doku iyile\u015fmesi tamamland\u0131ktan sonra tekrar do\u011fal sa\u00e7 \u00e7izgisi olu\u015fturularak yeniden ekim planlanabilir. Tabi kafa arkas\u0131nda yeterli don\u00f6r varsa. \u00c7\u00fcnk\u00fc \u00f6n sa\u00e7 \u00e7izgisi i\u00e7in sakal greftleri kullan\u0131lamaz. G\u00f6r\u00fclece\u011fi gibi onar\u0131m i\u015fi olduk\u00e7a zor ve zaman al\u0131c\u0131 bir i\u015flemdir.<\/p>\n\n\n\n<h3 class=\"wp-block-heading\">Kamuflaj y\u00f6ntemi<\/h3>\n\n\n\n<p>Baz\u0131 durumlarda greftleri s\u00f6kmeden de hatal\u0131 g\u00f6r\u00fcn\u00fcm d\u00fczeltilebilir. Bunun i\u00e7in 1-2 mm \u00f6nden tekrar sa\u00e7 \u00e7izgisi planlan\u0131r ve yeniden ekim yap\u0131larak \u00f6n sa\u00e7 \u00e7izgisine tamamen tekli k\u00f6kler ekilerek daha do\u011fal bir g\u00f6r\u00fcnt\u00fc hedeflenir.<\/p>\n\n\n\n<figure class=\"wp-block-image size-full\"><img loading=\"lazy\" decoding=\"async\" width=\"750\" height=\"436\" src=\"http:\/\/hairtransplantationbeforeafter.com\/wp-content\/uploads\/2025\/03\/yanlis-yapilan-sac-ekimi_tamiri.webp\" alt=\"yanl\u0131\u015f yap\u0131lan sa\u00e7 ekiminde sa\u00e7 y\u00f6nlerini  d\u00fczeltme i\u015flemi\" class=\"wp-image-16390\" srcset=\"http:\/\/hairtransplantationbeforeafter.com\/wp-content\/uploads\/2025\/03\/yanlis-yapilan-sac-ekimi_tamiri.webp 750w, http:\/\/hairtransplantationbeforeafter.com\/wp-content\/uploads\/2025\/03\/yanlis-yapilan-sac-ekimi_tamiri-300x174.webp 300w, http:\/\/hairtransplantationbeforeafter.com\/wp-content\/uploads\/2025\/03\/yanlis-yapilan-sac-ekimi_tamiri-20x12.webp 20w\" sizes=\"auto, (max-width: 750px) 100vw, 750px\" \/><\/figure>\n\n\n\n<h3 class=\"wp-block-heading\">Yeniden sa\u00e7 ekimi<\/h3>\n\n\n\n<p>Daha \u00f6nceki yap\u0131lan hatalardan dolay\u0131 yeterli sa\u00e7 \u00e7\u0131k\u0131\u015f\u0131 olmayan ki\u015filerde, yeniden FUE y\u00f6ntemiyle greft al\u0131n\u0131r ve s\u0131kla\u015ft\u0131rma yap\u0131larak seyrek g\u00f6r\u00fcnt\u00fc ortadan kald\u0131r\u0131lmaya \u00e7al\u0131\u015f\u0131l\u0131r. Burada temel hedef 1 cm2\u2018ye d\u00fc\u015fen sa\u00e7 miktar\u0131n\u0131 artt\u0131rmakt\u0131r. Bunun i\u00e7in don\u00f6r b\u00f6lgede yeterli rezerv olmas\u0131 gerekir. E\u011fer ense sa\u00e7lar\u0131 t\u00fckenmi\u015f ve yeterli rezervi yoksa sakal ve g\u00f6\u011f\u00fcs k\u0131llar\u0131 yedek rezerv olarak kullan\u0131labilir.<\/p>\n\n\n\n<p>A\u015fa\u011f\u0131daki resimde;<\/p>\n\n\n\n<ol class=\"wp-block-list\">\n<li>K\u00f6t\u00fc sa\u00e7 k\u00f6kleri \u00e7\u0131kart\u0131ld\u0131.<\/li>\n\n\n\n<li>Daha sonra kamuflaj ve yeniden sa\u00e7 ekimi yap\u0131larak do\u011fal bir sonu\u00e7 elde edildi.<\/li>\n<\/ol>\n\n\n\n<figure class=\"wp-block-image size-full\"><img loading=\"lazy\" decoding=\"async\" width=\"750\" height=\"245\" src=\"http:\/\/hairtransplantationbeforeafter.com\/wp-content\/uploads\/2025\/03\/basarisiz_sac-ekimi_tamirinden_sonra.webp\" alt=\"ba\u015far\u0131s\u0131z sa\u00e7 ekimi ve onar\u0131m sonucundaki do\u011fal g\u00f6r\u00fcnt\u00fcs\u00fc (d\u00fczeltme i\u015flemi)\" class=\"wp-image-16391\" srcset=\"http:\/\/hairtransplantationbeforeafter.com\/wp-content\/uploads\/2025\/03\/basarisiz_sac-ekimi_tamirinden_sonra.webp 750w, http:\/\/hairtransplantationbeforeafter.com\/wp-content\/uploads\/2025\/03\/basarisiz_sac-ekimi_tamirinden_sonra-300x98.webp 300w, http:\/\/hairtransplantationbeforeafter.com\/wp-content\/uploads\/2025\/03\/basarisiz_sac-ekimi_tamirinden_sonra-20x7.webp 20w\" sizes=\"auto, (max-width: 750px) 100vw, 750px\" \/><\/figure>\n\n\n\n<p>Ayr\u0131ca ki\u015finin \u00f6nceki sa\u00e7 ekiminde don\u00f6r b\u00f6lgeden a\u015f\u0131r\u0131 greft al\u0131nmas\u0131ndan dolay\u0131 kafa arkas\u0131nda b\u00f6lgesinde kapanmayan izler olabilir. Bu durumda da sakaldan ya da di\u011fer v\u00fccut k\u0131llar\u0131ndan al\u0131m yap\u0131larak ense b\u00f6lgesi onar\u0131lmaya \u00e7al\u0131\u015f\u0131l\u0131r.<\/p>\n\n\n\n<p>Ayr\u0131ca ki\u015fi y\u0131llar \u00f6nce ekim yapt\u0131rm\u0131\u015f ve asl\u0131nda eski sonucundan memnundur. Fakat kendi sa\u00e7lar\u0131 d\u00f6k\u00fcld\u00fc\u011f\u00fc i\u00e7in seyrelmi\u015f ya da a\u00e7\u0131lm\u0131\u015f b\u00f6lgeler olabilir. Don\u00f6r alanlar yeterliyse yeniden ekim planlanabilir. Bu i\u015flemi revizyon de\u011fil, 2. seans ekim olarak tan\u0131mlamak daha do\u011frudur.<\/p>\n\n\n\n<figure class=\"wp-block-image size-full\"><img loading=\"lazy\" decoding=\"async\" width=\"750\" height=\"370\" src=\"http:\/\/hairtransplantationbeforeafter.com\/wp-content\/uploads\/2025\/03\/hatali_sac-ekimi-duzeltme_sonrasi.webp\" alt=\"hatal\u0131 sa\u00e7 ekiminden sonraki d\u00fczeltmeyle olu\u015fan do\u011fal g\u00f6r\u00fcnt\u00fc\" class=\"wp-image-16392\" srcset=\"http:\/\/hairtransplantationbeforeafter.com\/wp-content\/uploads\/2025\/03\/hatali_sac-ekimi-duzeltme_sonrasi.webp 750w, http:\/\/hairtransplantationbeforeafter.com\/wp-content\/uploads\/2025\/03\/hatali_sac-ekimi-duzeltme_sonrasi-300x148.webp 300w, http:\/\/hairtransplantationbeforeafter.com\/wp-content\/uploads\/2025\/03\/hatali_sac-ekimi-duzeltme_sonrasi-20x10.webp 20w\" sizes=\"auto, (max-width: 750px) 100vw, 750px\" \/><\/figure>\n\n\n\n<p>\u00d6nceden geni\u015f fut skar\u0131 olan ki\u015filere de skar \u00fczerine ekim ya da skar revizyonu yap\u0131larak FUT izi kapat\u0131labilir.<\/p>\n\n\n\n<h3 class=\"wp-block-heading\">Kombine y\u00f6ntem<\/h3>\n\n\n\n<p>Baz\u0131 durumlarda kamuflaj ya da ekstraksiyon y\u00f6ntemleri tek ba\u015f\u0131na yeterli olmayabilir. Bu durumda yukar\u0131da say\u0131lan 3 y\u00f6ntemi de kombine kullanmak gerekir. Asl\u0131nda revizyon i\u015flemlerinde t\u00fcm y\u00f6ntemleri birden kullanmak daha sa\u011fl\u0131kl\u0131 sonu\u00e7 verecektir.<\/p>\n\n\n\n<figure class=\"wp-block-image size-full\"><img loading=\"lazy\" decoding=\"async\" width=\"750\" height=\"211\" src=\"http:\/\/hairtransplantationbeforeafter.com\/wp-content\/uploads\/2025\/03\/kotu_sac-ekimi_onarimi.webp\" alt=\"k\u00f6t\u00fc sa\u00e7 ekimi onar\u0131m\u0131\" class=\"wp-image-16393\" srcset=\"http:\/\/hairtransplantationbeforeafter.com\/wp-content\/uploads\/2025\/03\/kotu_sac-ekimi_onarimi.webp 750w, http:\/\/hairtransplantationbeforeafter.com\/wp-content\/uploads\/2025\/03\/kotu_sac-ekimi_onarimi-300x84.webp 300w, http:\/\/hairtransplantationbeforeafter.com\/wp-content\/uploads\/2025\/03\/kotu_sac-ekimi_onarimi-20x6.webp 20w\" sizes=\"auto, (max-width: 750px) 100vw, 750px\" \/><\/figure>\n\n\n\n<p>Kombine y\u00f6ntemde \u00f6nce k\u00f6t\u00fc \u015fekilde ekilmi\u015f k\u00f6kler \u00e7\u0131kart\u0131l\u0131r ard\u0131ndan da yeniden sa\u00e7 ekimi ve kamuflaj yap\u0131larak do\u011fal sonu\u00e7 elde edilmeye \u00e7al\u0131\u015f\u0131l\u0131r.<\/p>\n\n\n\n<figure class=\"wp-block-image size-full\"><img loading=\"lazy\" decoding=\"async\" width=\"750\" height=\"229\" src=\"http:\/\/hairtransplantationbeforeafter.com\/wp-content\/uploads\/2025\/03\/kotu_sac_ekimi-duzeltme.webp\" alt=\"k\u00f6t\u00fc yap\u0131lan bir sa\u00e7 ekiminde d\u00fczeltme i\u015fleminden sonraki do\u011fal g\u00f6r\u00fcn\u00fcm.\" class=\"wp-image-16394\" srcset=\"http:\/\/hairtransplantationbeforeafter.com\/wp-content\/uploads\/2025\/03\/kotu_sac_ekimi-duzeltme.webp 750w, http:\/\/hairtransplantationbeforeafter.com\/wp-content\/uploads\/2025\/03\/kotu_sac_ekimi-duzeltme-300x92.webp 300w, http:\/\/hairtransplantationbeforeafter.com\/wp-content\/uploads\/2025\/03\/kotu_sac_ekimi-duzeltme-20x6.webp 20w\" sizes=\"auto, (max-width: 750px) 100vw, 750px\" \/><\/figure>\n\n\n\n<p>Koyu tenli ki\u015filerde ve \u00f6zellikle zencilerde \u00f6n \u00e7izgiden \u00e7\u0131kart\u0131lan greft alanlar\u0131nda beyaz skarl\u0131 alanlar\u0131n g\u00f6r\u00fclme ihtimali y\u00fcksektir. Bundan dolay\u0131 koyu tenli ki\u015filerde kombine y\u00f6ntem kullanmak gereklidir. Yeniden sa\u00e7 \u00e7izgisi olu\u015fturmak i\u00e7in don\u00f6r b\u00f6lgeden greft al\u0131nmas\u0131 gerekir. E\u011fer don\u00f6r alanda yeterli rezerv yoksa son \u00e7are olarak g\u00f6\u011f\u00fcs k\u0131llar\u0131 \u00f6n \u00e7izgi i\u00e7in kullan\u0131labilir. Daha \u00f6nce sakal k\u00f6klerinin \u00f6n \u00e7izgide kullan\u0131lmayaca\u011f\u0131n\u0131 s\u00f6ylemi\u015ftik.<\/p>\n\n\n\n<figure class=\"wp-block-image size-full\"><img loading=\"lazy\" decoding=\"async\" width=\"750\" height=\"397\" src=\"http:\/\/hairtransplantationbeforeafter.com\/wp-content\/uploads\/2025\/03\/kotu_sac_ekimi-duzeltme_sonucu.webp\" alt=\"hatal\u0131 sa\u00e7 ekimini d\u00fczeltme sonucu\" class=\"wp-image-16395\" srcset=\"http:\/\/hairtransplantationbeforeafter.com\/wp-content\/uploads\/2025\/03\/kotu_sac_ekimi-duzeltme_sonucu.webp 750w, http:\/\/hairtransplantationbeforeafter.com\/wp-content\/uploads\/2025\/03\/kotu_sac_ekimi-duzeltme_sonucu-300x159.webp 300w, http:\/\/hairtransplantationbeforeafter.com\/wp-content\/uploads\/2025\/03\/kotu_sac_ekimi-duzeltme_sonucu-20x11.webp 20w\" sizes=\"auto, (max-width: 750px) 100vw, 750px\" \/><\/figure>\n\n\n\n<h3 class=\"wp-block-heading\">Micro pigmentasyon (SMP sa\u00e7 d\u00f6vmesi)<\/h3>\n\n\n\n<p>A\u015f\u0131r\u0131 greft al\u0131n\u0131m\u0131na ba\u011fl\u0131 g\u00f6r\u00fcnt\u00fcs\u00fc bozulmu\u015f olan don\u00f6r b\u00f6lgede SMP uygulamak mant\u0131kl\u0131 bir \u00e7\u00f6z\u00fcmd\u00fcr. Ayr\u0131ca al\u0131c\u0131 alanda seyrek sa\u00e7lar\u0131n aras\u0131na SMP uygulanarak daha s\u0131k bir g\u00f6r\u00fcnt\u00fc elde edilebilir.<\/p>\n\n\n\n<p>G\u00f6r\u00fcld\u00fc\u011f\u00fc gibi k\u00f6t\u00fc ekilmi\u015f bir sa\u00e7\u0131 d\u00fczeltmek \u00f6yle kolay bir i\u015f de\u011fildir. Uzun s\u00fcren seanslar gerekebilir. A\u015fa\u011f\u0131daki hastam\u0131z i\u00e7in 7 ayr\u0131 seans planland\u0131 ve 7 seans s\u00fcren onar\u0131m i\u015fi 2 y\u0131lda tamamland\u0131. 2 y\u0131l s\u00fcren bir eme\u011fin sonundaki de\u011fi\u015fimi g\u00f6rebilirsiniz.<\/p>\n\n\n\n<figure class=\"wp-block-image size-full\"><img loading=\"lazy\" decoding=\"async\" width=\"750\" height=\"294\" src=\"http:\/\/hairtransplantationbeforeafter.com\/wp-content\/uploads\/2025\/03\/hatali_sac-ekimi_duzeltme.webp\" alt=\"hatal\u0131 sa\u00e7 ekimi ve onar\u0131m i\u015flemi\" class=\"wp-image-16396\" srcset=\"http:\/\/hairtransplantationbeforeafter.com\/wp-content\/uploads\/2025\/03\/hatali_sac-ekimi_duzeltme.webp 750w, http:\/\/hairtransplantationbeforeafter.com\/wp-content\/uploads\/2025\/03\/hatali_sac-ekimi_duzeltme-300x118.webp 300w, http:\/\/hairtransplantationbeforeafter.com\/wp-content\/uploads\/2025\/03\/hatali_sac-ekimi_duzeltme-20x8.webp 20w\" sizes=\"auto, (max-width: 750px) 100vw, 750px\" \/><\/figure>\n\n\n\n<h2 class=\"wp-block-heading\"><span class=\"ez-toc-section\" id=\"Sonuc\"><\/span>Sonu\u00e7<span class=\"ez-toc-section-end\"><\/span><\/h2>\n\n\n\n<p>Bu yaz\u0131dan \u015fu dersleri \u00e7\u0131karmal\u0131y\u0131z.<\/p>\n\n\n\n<ul class=\"wp-block-list\">\n<li><strong>Sa\u00e7 ekimi basite al\u0131nacak bir i\u015flem de\u011fildir.<\/strong><\/li>\n\n\n\n<li>Ara\u015ft\u0131rma yaparken asparagas ve <strong>aldat\u0131c\u0131 reklamlara<\/strong> kar\u015f\u0131 dikkatli olun.<\/li>\n\n\n\n<li>Size <strong>ger\u00e7ek\u00e7i sonu\u00e7lar vaat etmeyen yerleri<\/strong> listenizden \u00e7\u0131kar\u0131n.<\/li>\n\n\n\n<li>Mutlaka <strong>deneyimli<\/strong> bir sa\u00e7 ekim doktorunun ba\u015f\u0131nda oldu\u011fu bir klinikle irtibata ge\u00e7in.<\/li>\n\n\n\n<li>Ekim yapt\u0131rmay\u0131 d\u00fc\u015f\u00fcnd\u00fc\u011f\u00fcn\u00fcz yerlerin <strong>sonu\u00e7lar\u0131n\u0131 mutlaka ara\u015ft\u0131r\u0131n<\/strong>. Ayr\u0131ca forum sitelerinden klinik ya da doktor hakk\u0131ndaki <strong>tavsiye, yorum ve \u015fikayetleri<\/strong> mutlaka inceleyin.<\/li>\n<\/ul>\n\n\n\n<p class=\"has-vivid-red-color has-text-color has-link-color wp-elements-fb1532aa0dc8624e473fc8418be453c0\"><strong>UNUTMAYIN:<\/strong> <\/p>\n\n\n\n<p class=\"has-black-color has-text-color has-link-color wp-elements-087218737aeb791a33941f9e0ea7fb31\"><strong>Ucuza sa\u00e7 ektirece\u011fim derken daha sonras\u0131nda hatal\u0131 bir sa\u00e7 ekimini d\u00fczelttirmek i\u00e7in \u00e7ok daha y\u00fcksek maliyetler \u00f6demek zorunda kalabilirsiniz.<\/strong><\/p>\n\n\n\n<p>Sa\u00e7 ekimi d\u00fc\u015f\u00fcn\u00fcyorsan\u0131z AHD klinikle \u00fccretsiz bir kons\u00fcltasyon yap\u0131n. Size ger\u00e7ek\u00e7i bir plan ve yol haritas\u0131 sunulacakt\u0131r.<\/p>\n","protected":false},"excerpt":{"rendered":"<p>ISHRS\u2019nin yapt\u0131\u011f\u0131 istatistiklere g\u00f6re sa\u00e7 ekimi yapt\u0131ranlar\u0131n %5-6\u2019s\u0131 yap\u0131lan k\u00f6t\u00fc bir sa\u00e7 ekim sonucunu d\u00fczeltmek i\u00e7in ba\u015fka bir doktor aray\u0131\u015f\u0131na [&hellip;]<\/p>\n","protected":false},"author":2,"featured_media":16373,"comment_status":"open","ping_status":"open","sticky":false,"template":"","format":"standard","meta":{"_acf_changed":false,"tpgb_global_settings":"","_eb_attr":"","_eb_data_table":"","site-sidebar-layout":"default","site-content-layout":"","ast-site-content-layout":"default","site-content-style":"default","site-sidebar-style":"default","ast-global-header-display":"","ast-banner-title-visibility":"","ast-main-header-display":"","ast-hfb-above-header-display":"","ast-hfb-below-header-display":"","ast-hfb-mobile-header-display":"","site-post-title":"","ast-breadcrumbs-content":"","ast-featured-img":"","footer-sml-layout":"","theme-transparent-header-meta":"","adv-header-id-meta":"","stick-header-meta":"","header-above-stick-meta":"","header-main-stick-meta":"","header-below-stick-meta":"","astra-migrate-meta-layouts":"default","ast-page-background-enabled":"default","ast-page-background-meta":{"desktop":{"background-color":"var(--ast-global-color-5)","background-image":"","background-repeat":"repeat","background-position":"center center","background-size":"auto","background-attachment":"scroll","background-type":"","background-media":"","overlay-type":"","overlay-color":"","overlay-opacity":"","overlay-gradient":""},"tablet":{"background-color":"","background-image":"","background-repeat":"repeat","background-position":"center center","background-size":"auto","background-attachment":"scroll","background-type":"","background-media":"","overlay-type":"","overlay-color":"","overlay-opacity":"","overlay-gradient":""},"mobile":{"background-color":"","background-image":"","background-repeat":"repeat","background-position":"center center","background-size":"auto","background-attachment":"scroll","background-type":"","background-media":"","overlay-type":"","overlay-color":"","overlay-opacity":"","overlay-gradient":""}},"ast-content-background-meta":{"desktop":{"background-color":"var(--ast-global-color-4)","background-image":"","background-repeat":"repeat","background-position":"center center","background-size":"auto","background-attachment":"scroll","background-type":"","background-media":"","overlay-type":"","overlay-color":"","overlay-opacity":"","overlay-gradient":""},"tablet":{"background-color":"var(--ast-global-color-4)","background-image":"","background-repeat":"repeat","background-position":"center center","background-size":"auto","background-attachment":"scroll","background-type":"","background-media":"","overlay-type":"","overlay-color":"","overlay-opacity":"","overlay-gradient":""},"mobile":{"background-color":"var(--ast-global-color-4)","background-image":"","background-repeat":"repeat","background-position":"center center","background-size":"auto","background-attachment":"scroll","background-type":"","background-media":"","overlay-type":"","overlay-color":"","overlay-opacity":"","overlay-gradient":""}},"footnotes":""},"categories":[27],"tags":[],"class_list":["post-223","post","type-post","status-publish","format-standard","has-post-thumbnail","hentry","category-blog"],"acf":[],"tpgb_featured_images":{"full":["http:\/\/hairtransplantationbeforeafter.com\/wp-content\/uploads\/2025\/03\/basarisiz_sac_ekimi.webp",750,345,false],"tp-image-grid":["http:\/\/hairtransplantationbeforeafter.com\/wp-content\/uploads\/2025\/03\/basarisiz_sac_ekimi.webp",700,322,false],"thumbnail":["http:\/\/hairtransplantationbeforeafter.com\/wp-content\/uploads\/2025\/03\/basarisiz_sac_ekimi-150x150.webp",150,150,true],"medium":["http:\/\/hairtransplantationbeforeafter.com\/wp-content\/uploads\/2025\/03\/basarisiz_sac_ekimi-300x138.webp",300,138,true],"medium_large":["http:\/\/hairtransplantationbeforeafter.com\/wp-content\/uploads\/2025\/03\/basarisiz_sac_ekimi.webp",750,345,false],"large":["http:\/\/hairtransplantationbeforeafter.com\/wp-content\/uploads\/2025\/03\/basarisiz_sac_ekimi.webp",750,345,false],"default":"http:\/\/hairtransplantationbeforeafter.com\/wp-content\/plugins\/the-plus-addons-for-block-editor\/assets\/images\/tpgb-placeholder.jpg"},"tpgb_post_meta_info":{"get_date":"5 Mart 2025","get_modified_date":"25 Kas\u0131m 2025","category_list":{"category":[{"term_id":27,"name":"Blog","slug":"blog","term_group":0,"term_taxonomy_id":27,"taxonomy":"category","description":"","parent":0,"count":21,"filter":"raw"}],"post_tag":false,"post_format":false},"author_name":"Dr. Hakan Doganay","author_url":"http:\/\/hairtransplantationbeforeafter.com\/tr\/author\/ahd\/","author_email":"sacekimi@gmail.com","author_website":"","author_description":"Dr. Hakan Do\u011fanay in Turkey. With 22 years of experience starting from 2003, Dr. Hakan Do\u011fanay is among the pioneering doctors in Turkey.","author_facebook":"","author_twitter":"","author_instagram":"","author_role":["administrator"],"author_firstname":"Dr. Hakan","author_lastname":"Doganay","user_login":"AHD","author_avatar":"<img alt='' src='https:\/\/secure.gravatar.com\/avatar\/0962d7b796652491e3aa69d35cd61f848d4ba6757b16cc3b6b92cf8b3ea9ded3?s=200&#038;d=mm&#038;r=g' srcset='https:\/\/secure.gravatar.com\/avatar\/0962d7b796652491e3aa69d35cd61f848d4ba6757b16cc3b6b92cf8b3ea9ded3?s=400&#038;d=mm&#038;r=g 2x' class='avatar avatar-200 photo' height='200' width='200' loading='lazy' decoding='async'\/>","author_avatar_url":"https:\/\/secure.gravatar.com\/avatar\/0962d7b796652491e3aa69d35cd61f848d4ba6757b16cc3b6b92cf8b3ea9ded3?s=96&d=mm&r=g","comment_count":0,"post_likes":0,"post_views":0},"tpgb_post_category":{"category":"<a href=\"http:\/\/hairtransplantationbeforeafter.com\/tr\/blog\/\" alt=\"Blog\" class=\"category-blog\">Blog<\/a> "},"_links":{"self":[{"href":"http:\/\/hairtransplantationbeforeafter.com\/tr\/wp-json\/wp\/v2\/posts\/223","targetHints":{"allow":["GET"]}}],"collection":[{"href":"http:\/\/hairtransplantationbeforeafter.com\/tr\/wp-json\/wp\/v2\/posts"}],"about":[{"href":"http:\/\/hairtransplantationbeforeafter.com\/tr\/wp-json\/wp\/v2\/types\/post"}],"author":[{"embeddable":true,"href":"http:\/\/hairtransplantationbeforeafter.com\/tr\/wp-json\/wp\/v2\/users\/2"}],"replies":[{"embeddable":true,"href":"http:\/\/hairtransplantationbeforeafter.com\/tr\/wp-json\/wp\/v2\/comments?post=223"}],"version-history":[{"count":3,"href":"http:\/\/hairtransplantationbeforeafter.com\/tr\/wp-json\/wp\/v2\/posts\/223\/revisions"}],"predecessor-version":[{"id":26355,"href":"http:\/\/hairtransplantationbeforeafter.com\/tr\/wp-json\/wp\/v2\/posts\/223\/revisions\/26355"}],"wp:featuredmedia":[{"embeddable":true,"href":"http:\/\/hairtransplantationbeforeafter.com\/tr\/wp-json\/wp\/v2\/media\/16373"}],"wp:attachment":[{"href":"http:\/\/hairtransplantationbeforeafter.com\/tr\/wp-json\/wp\/v2\/media?parent=223"}],"wp:term":[{"taxonomy":"category","embeddable":true,"href":"http:\/\/hairtransplantationbeforeafter.com\/tr\/wp-json\/wp\/v2\/categories?post=223"},{"taxonomy":"post_tag","embeddable":true,"href":"http:\/\/hairtransplantationbeforeafter.com\/tr\/wp-json\/wp\/v2\/tags?post=223"}],"curies":[{"name":"wp","href":"https:\/\/api.w.org\/{rel}","templated":true}]}}