{"id":206,"date":"2025-05-06T13:00:22","date_gmt":"2025-05-06T10:00:22","guid":{"rendered":"https:\/\/crabsmedia.com.tr\/mc_ahdclinicc\/?p=206"},"modified":"2025-11-25T17:27:52","modified_gmt":"2025-11-25T14:27:52","slug":"kadinlarda-sac-ekimi","status":"publish","type":"post","link":"http:\/\/hairtransplantationbeforeafter.com\/tr\/kadinlarda-sac-ekimi\/","title":{"rendered":"Kad\u0131nlarda Sa\u00e7 Ekimi"},"content":{"rendered":"\n<p>Sa\u00e7lar\u0131 seyrelip incelen kad\u0131nlar, genelde bu sorunu peruk ya da boyayla gizlemeye \u00e7al\u0131\u015f\u0131rlar. Sa\u00e7 bir kad\u0131n\u0131n d\u0131\u015f g\u00f6r\u00fcn\u00fcm\u00fcn\u00fc etkileyen \u00f6nemli bir fakt\u00f6rd\u00fcr. Maalesef, seyrelmi\u015f ve incelmi\u015f sa\u00e7lar ya\u015fam kalitesini ve sosyal hayat\u0131 olumsuz etkileyebilir. Yap\u0131lan istatistiklere g\u00f6re her 100 kad\u0131ndan 25&#8217;inin sa\u00e7 d\u00f6k\u00fclmesi problemi ya\u015fad\u0131\u011f\u0131 tespit edilmi\u015ftir. Bu d\u00f6k\u00fclme sorunu kad\u0131nlarda s\u0131kl\u0131kla \u00f6zg\u00fcven eksikli\u011fine neden olmaktad\u0131r. \u0130\u015fte sa\u00e7lar\u0131nda d\u00f6k\u00fclme ya\u015fayan kad\u0131nlarda sa\u00e7 ekimi etkili ve kal\u0131c\u0131 bir \u00e7\u00f6z\u00fcm y\u00f6ntemi olarak akla gelmektedir.<\/p>\n\n\n\n<p>G\u00fcn\u00fcm\u00fczde Fue ve dhi y\u00f6ntemlerinin h\u0131zla geli\u015fmesiyle kad\u0131n sa\u00e7 ekimine talep de art\u0131\u015f g\u00f6stermektedir. Bu sayede kad\u0131nlar art\u0131k hayal ettikleri sa\u00e7 \u015fekillerine kavu\u015fma imkan\u0131 bulabilirler. \u00c7\u00fcnk\u00fc sa\u00e7 ekimiyle, d\u00f6k\u00fclen sa\u00e7lar kal\u0131c\u0131 olarak geri kazan\u0131labilir, bu da b\u00fcy\u00fck bir avantajd\u0131r.<\/p>\n\n\n\n<p>Dr. Hakan Do\u011fanay\u2019\u0131n \u00f6nderli\u011finde AHD klinikte do\u011fal ve taranabilen sa\u00e7lara kavu\u015fman\u0131z m\u00fcmk\u00fcn olabilir.<\/p>\n\n\n\n<div id=\"ez-toc-container\" class=\"ez-toc-v2_0_78 counter-hierarchy ez-toc-counter ez-toc-grey ez-toc-container-direction\">\n<div class=\"ez-toc-title-container\">\n<p class=\"ez-toc-title\" style=\"cursor:inherit\">Table of Contents<\/p>\n<span class=\"ez-toc-title-toggle\"><a href=\"#\" class=\"ez-toc-pull-right ez-toc-btn ez-toc-btn-xs ez-toc-btn-default ez-toc-toggle\" aria-label=\"Toggle Table of Content\"><span class=\"ez-toc-js-icon-con\"><span class=\"\"><span class=\"eztoc-hide\" style=\"display:none;\">Toggle<\/span><span class=\"ez-toc-icon-toggle-span\"><svg style=\"fill: #999;color:#999\" xmlns=\"http:\/\/www.w3.org\/2000\/svg\" class=\"list-377408\" width=\"20px\" height=\"20px\" viewBox=\"0 0 24 24\" fill=\"none\"><path d=\"M6 6H4v2h2V6zm14 0H8v2h12V6zM4 11h2v2H4v-2zm16 0H8v2h12v-2zM4 16h2v2H4v-2zm16 0H8v2h12v-2z\" fill=\"currentColor\"><\/path><\/svg><svg style=\"fill: #999;color:#999\" class=\"arrow-unsorted-368013\" xmlns=\"http:\/\/www.w3.org\/2000\/svg\" width=\"10px\" height=\"10px\" viewBox=\"0 0 24 24\" version=\"1.2\" baseProfile=\"tiny\"><path d=\"M18.2 9.3l-6.2-6.3-6.2 6.3c-.2.2-.3.4-.3.7s.1.5.3.7c.2.2.4.3.7.3h11c.3 0 .5-.1.7-.3.2-.2.3-.5.3-.7s-.1-.5-.3-.7zM5.8 14.7l6.2 6.3 6.2-6.3c.2-.2.3-.5.3-.7s-.1-.5-.3-.7c-.2-.2-.4-.3-.7-.3h-11c-.3 0-.5.1-.7.3-.2.2-.3.5-.3.7s.1.5.3.7z\"\/><\/svg><\/span><\/span><\/span><\/a><\/span><\/div>\n<nav><ul class='ez-toc-list ez-toc-list-level-1 eztoc-toggle-hide-by-default' ><li class='ez-toc-page-1 ez-toc-heading-level-2'><a class=\"ez-toc-link ez-toc-heading-1\" href=\"http:\/\/hairtransplantationbeforeafter.com\/tr\/kadinlarda-sac-ekimi\/#Kadinlara_Sac_Ekimi_Yapilir_mi\" >Kad\u0131nlara Sa\u00e7 Ekimi Yap\u0131l\u0131r m\u0131?<\/a><\/li><li class='ez-toc-page-1 ez-toc-heading-level-2'><a class=\"ez-toc-link ez-toc-heading-2\" href=\"http:\/\/hairtransplantationbeforeafter.com\/tr\/kadinlarda-sac-ekimi\/#Kadinlarda_Sac_Ekimi_Nasil_Yapilir\" >Kad\u0131nlarda Sa\u00e7 Ekimi Nas\u0131l Yap\u0131l\u0131r?<\/a><\/li><li class='ez-toc-page-1 ez-toc-heading-level-2'><a class=\"ez-toc-link ez-toc-heading-3\" href=\"http:\/\/hairtransplantationbeforeafter.com\/tr\/kadinlarda-sac-ekimi\/#Kadinlarda_Sac_Ekimi_Oncesi_ve_Sonrasi_Sonuclar\" >Kad\u0131nlarda Sa\u00e7 Ekimi \u00d6ncesi ve Sonras\u0131 Sonu\u00e7lar<\/a><\/li><li class='ez-toc-page-1 ez-toc-heading-level-2'><a class=\"ez-toc-link ez-toc-heading-4\" href=\"http:\/\/hairtransplantationbeforeafter.com\/tr\/kadinlarda-sac-ekimi\/#Kadinlarda_2025_Yili_Sac_Ekimi_Fiyatlari\" >Kad\u0131nlarda 2025 Y\u0131l\u0131 Sa\u00e7 Ekimi Fiyatlar\u0131<\/a><\/li><\/ul><\/nav><\/div>\n<h2 class=\"wp-block-heading\"><span class=\"ez-toc-section\" id=\"Kadinlara_Sac_Ekimi_Yapilir_mi\"><\/span>Kad\u0131nlara Sa\u00e7 Ekimi Yap\u0131l\u0131r m\u0131?<span class=\"ez-toc-section-end\"><\/span><\/h2>\n\n\n\n<p>Sa\u00e7 d\u00f6k\u00fclmesi sadece erkekler i\u00e7in bir sorun de\u011fildir. Kad\u0131nlar da uygun \u015fartlarda sa\u00e7 ekiminden fayda sa\u011flayabilirler. Ancak, muayene ve laboratuvar testleri ile sa\u00e7 ekimi adaylar\u0131n\u0131n uygunlu\u011fu belirlenmelidir. Ne yaz\u0131k ki, kad\u0131nlar sa\u00e7 ekiminde erkekler kadar \u015fansl\u0131 de\u011fillerdir \u00e7\u00fcnk\u00fc sa\u00e7 d\u00f6k\u00fclmesi nedenleri cinsiyetlere g\u00f6re farkl\u0131l\u0131k g\u00f6sterir.<\/p>\n\n\n\n<p>\u015eu \u00fc\u00e7 gruptaki kad\u0131nda, sa\u00e7 ekiminden ba\u015far\u0131l\u0131 sonu\u00e7lar alma ihtimali y\u00fcksektir. Bunlar;<\/p>\n\n\n\n<ol class=\"wp-block-list\">\n<li><strong>Geni\u015f al\u0131nl\u0131 kad\u0131nlar: <\/strong>Sa\u00e7larda incelme, seyrelme ve d\u00f6k\u00fclme yoktur. Sadece do\u011fu\u015ftan al\u0131n sa\u00e7 \u00e7izgisi geridedir. Don\u00f6r b\u00f6lge sa\u00e7lar\u0131 da olduk\u00e7a g\u00fc\u00e7l\u00fcd\u00fcr.<\/li>\n\n\n\n<li><strong>Travmaya ba\u011fl\u0131 sa\u00e7 yoklu\u011fu: <\/strong>Trafik kazas\u0131, yan\u0131k ve ameliyat izi gibi k\u00fc\u00e7\u00fck bir b\u00f6lgede sa\u00e7 yoklu\u011fu olan kad\u0131nlar. Bu iki grupta olanlar sa\u00e7 ekimi i\u00e7in m\u00fckemmel bir adayd\u0131r<\/li>\n\n\n\n<li><strong>Androjenik alopesi:<\/strong> Erkeksi tip genetik sa\u00e7 d\u00f6k\u00fclmesi vard\u0131r ve DHT hormonuyla ili\u015fkilidir. Kandaki total testesteron seviyesi androjenik sa\u00e7 d\u00f6k\u00fclmesi tan\u0131s\u0131nda \u00f6nemli bir \u00f6l\u00e7ektir. Ludwig sa\u00e7 d\u00f6k\u00fclme s\u0131n\u0131flamas\u0131 bu grup i\u00e7in kullan\u0131l\u0131r.<\/li>\n<\/ol>\n\n\n\n<p>Sa\u00e7 ekimine uygun olup olmad\u0131\u011f\u0131n\u0131z de\u011ferlendirmek i\u00e7in bizimle ileti\u015fime ge\u00e7ebilirsiniz.<\/p>\n\n\n\n<div class=\"wp-block-essential-blocks-row alignfull  root-eb-row-j476z\"><div class=\"eb-parent-wrapper eb-parent-eb-row-j476z \"><div class=\"eb-row-root-container eb-row-j476z\" data-id=\"eb-row-j476z\"><div class=\"eb-row-wrapper\"><div class=\"eb-row-inner\">\n<div class=\"wp-block-essential-blocks-column  root-eb-column-uui35\"><div class=\"eb-parent-wrapper eb-parent-eb-column-uui35 \"><div class=\"eb-column-wrapper eb-column-uui35\"><div class=\"eb-column-inner\">\n<p class=\"has-white-color has-text-color has-link-color has-large-font-size wp-elements-33f4d658165c514aab2296f6e14c28d5\">AHD klinikle bir kons\u00fcltasyon planlay\u0131n.<\/p>\n\n\n\n<p class=\"has-white-color has-text-color has-link-color has-medium-font-size wp-elements-c63c0dc5839bf0382ba6d00daaf60a8e\">Kad\u0131nlarda t\u0131ra\u015fs\u0131z sa\u00e7 ekiminin \u00f6nc\u00fcs\u00fc olan AHD klinikte size uygun \u00e7\u00f6z\u00fcmler \u00fcretilebilir.<\/p>\n<\/div><\/div><\/div><\/div>\n\n\n\n<div class=\"wp-block-essential-blocks-column  root-eb-column-q95q2\"><div class=\"eb-parent-wrapper eb-parent-eb-column-q95q2 \"><div class=\"eb-column-wrapper eb-column-q95q2\"><div class=\"eb-column-inner\">\n<div class=\"wp-block-essential-blocks-button  root-eb-button-408vr\"><div class=\"eb-parent-wrapper eb-parent-eb-button-408vr \"><div class=\"eb-button-wrapper eb-button-alignment eb-button-408vr\"><div class=\"eb-button\"><div class=\"eb-button-inner-wrapper \"><a class=\"eb-button-anchor  \" href=\"https:\/\/api.whatsapp.com\/send?phone=905323134198\" target=\"_blank\" rel=\"noopener\">\u0130leti\u015fime Ge\u00e7in<\/a><\/div><\/div><\/div><\/div><\/div>\n<\/div><\/div><\/div><\/div>\n<\/div><\/div><\/div><\/div><\/div>\n\n\n\n<p>\u015eimdi bu s\u0131n\u0131flamaya k\u0131saca bakacak olursak;<\/p>\n\n\n\n<ul class=\"wp-block-list\">\n<li>Evre 1: Sa\u00e7 ay\u0131r\u0131m\u0131 ve tepeye do\u011fru hafif seyrelme mevcuttur.&nbsp; \u00d6n sa\u00e7 \u00e7izgisinde d\u00f6k\u00fclme olmad\u0131\u011f\u0131 i\u00e7in birinci evredeki kad\u0131nlar\u0131n fazla \u015fik\u00e2yeti yoktur.<\/li>\n\n\n\n<li>Evre 2: \u00d6n sa\u00e7 \u00e7izgisinde seyrelme ve incelme minimal d\u00fczeydedir. Sa\u00e7 ayr\u0131m\u0131nda seyrelme artarak devam eder. Sa\u00e7 derisi g\u00f6r\u00fcn\u00fcr hale gelmeye ba\u015flar. Genel olarak sa\u00e7 hacmindeki azalma belirginle\u015fir.<\/li>\n\n\n\n<li>Evre 3: Kafa dersi tamamen g\u00f6r\u00fcn\u00fcr hale gelir. Yayg\u0131n ve geni\u015f bir d\u00f6k\u00fclme vard\u0131r. Ba\u015f\u0131n arka ve yan k\u0131s\u0131mlar\u0131nda da ciddi \u015fekilde seyrelme ve incelme olur.<\/li>\n<\/ul>\n\n\n\n<p>Androjenik alopesi tan\u0131s\u0131 konmu\u015f bireylerde sa\u00e7 ekimi i\u00e7in en \u00f6nemli kriter don\u00f6r b\u00f6lge sa\u00e7lar\u0131d\u0131r. Don\u00f6r b\u00f6lgedeki sa\u00e7lar incelmi\u015f ve seyrektse, ba\u015far\u0131l\u0131 bir sa\u00e7 ekiminden s\u00f6z edilemez. Ancak, bu grupta total testosteron seviyesi y\u00fcksek olanlar daha \u015fansl\u0131d\u0131r. Genellikle \u00f6n sa\u00e7 \u00e7izgisi erken d\u00f6nemlerde korunur, bu y\u00fczden sa\u00e7 d\u00f6k\u00fclmesi tedavisi genellikle daha ileri d\u00f6nemlerde ba\u015fvuru yap\u0131l\u0131r. Evre 3&#8217;te olan bir ki\u015finin zay\u0131f don\u00f6r b\u00f6lgesi nedeniyle ba\u015far\u0131 \u015fans\u0131 olduk\u00e7a d\u00fc\u015f\u00fckt\u00fcr. Androjenik alopesili hastalar i\u00e7in destek medikal tedavi olarak minoksidil \u00f6nerilebilir.<\/p>\n\n\n\n<p>Tiroit bozuklu\u011fu ve demir eksikli\u011fi anemisine ba\u011fl\u0131 sa\u00e7 d\u00f6k\u00fclmesi olan bir kad\u0131nda, \u00f6ncelikle bu hastal\u0131klar tedavi edilmelidir. Aksi takdirde yap\u0131lacak sa\u00e7 ekiminde ba\u015far\u0131 oran\u0131 d\u00fc\u015f\u00fck kal\u0131r ve kendi sa\u00e7lar\u0131n\u0131z\u0131 da kaybedebilirsiniz.<\/p>\n\n\n\n<h2 class=\"wp-block-heading\"><span class=\"ez-toc-section\" id=\"Kadinlarda_Sac_Ekimi_Nasil_Yapilir\"><\/span>Kad\u0131nlarda Sa\u00e7 Ekimi Nas\u0131l Yap\u0131l\u0131r?<span class=\"ez-toc-section-end\"><\/span><\/h2>\n\n\n\n<p><span style=\"font-weight: 400;\">Bir kad\u0131n i\u00e7in iki \u015fekilde sa\u00e7 ekimi planlanabilir.&nbsp;<\/span><\/p>\n\n\n\n<ol class=\"wp-block-list\">\n<li><strong>Seyrelmi\u015f sa\u00e7lar\u0131n s\u0131kla\u015ft\u0131r\u0131lmas\u0131:<\/strong> Bu androjenik alopesi grubundaki kad\u0131nlara yap\u0131lan sa\u00e7 ekimidir. Kad\u0131nlar en \u00e7ok seyrek olan sa\u00e7lar\u0131 s\u0131kla\u015ft\u0131rmak i\u00e7in sa\u00e7 ekimi yapt\u0131r\u0131rlar.&nbsp;<\/li>\n\n\n\n<li><strong>Tamamen sa\u00e7s\u0131z b\u00f6lgeye yap\u0131lan ekim:<\/strong> Al\u0131n sa\u00e7 \u00e7izgisinin \u00f6ne al\u0131nmas\u0131 ya da skar \u00fczerine yap\u0131lan ekimler bu gruba girer.<\/li>\n<\/ol>\n\n\n\n<p><span style=\"font-weight: 400;\">\u00d6ncelikle ekim yap\u0131lacak alan b\u00fcy\u00fckl\u00fc\u011f\u00fcne g\u00f6re don\u00f6r b\u00f6lgeden al\u0131nacak greft say\u0131s\u0131 belirlenir. \u015eunu unutmamak gerekir ki kad\u0131n\u0131n do\u011fas\u0131 gere\u011fi, bir erkek gibi kafan\u0131n komple tra\u015f edilmesi sa\u00e7ma bir d\u00fc\u015f\u00fcncedir. Bundan dolay\u0131 da kad\u0131nlarda t\u0131ra\u015fs\u0131z y\u00f6ntem esast\u0131r. Sadece kafan\u0131n arkas\u0131ndaki don\u00f6r b\u00f6lgeden greft almak i\u00e7in k\u00fc\u00e7\u00fck bir alan tra\u015f edilir. Ekim yap\u0131lacak olan b\u00f6lge ise tra\u015f edilmez.<\/span><\/p>\n\n\n\n<p>A\u015fa\u011f\u0131daki resimde sa\u00e7 ekimi yap\u0131lacak bir kad\u0131n\u0131n resmin g\u00f6rebilirsiniz. T\u0131ra\u015ftan sonra, kad\u0131n\u0131n sa\u00e7lar\u0131 t\u0131ra\u015f edilmi\u015f b\u00f6lgeyi kapat\u0131yor. Ve t\u0131ra\u015f yap\u0131ld\u0131\u011f\u0131 anla\u015f\u0131lm\u0131yor.<\/p>\n\n\n\n<figure class=\"wp-block-image size-full\"><img loading=\"lazy\" decoding=\"async\" width=\"750\" height=\"416\" src=\"http:\/\/hairtransplantationbeforeafter.com\/wp-content\/uploads\/2025\/05\/bayanlara_sac_ekimi.webp\" alt=\"sa\u00e7 ekimi ,bayanlarda t\u0131ra\u015fs\u0131z y\u00f6ntemle yap\u0131l\u0131r\" class=\"wp-image-16251\" srcset=\"http:\/\/hairtransplantationbeforeafter.com\/wp-content\/uploads\/2025\/05\/bayanlara_sac_ekimi.webp 750w, http:\/\/hairtransplantationbeforeafter.com\/wp-content\/uploads\/2025\/05\/bayanlara_sac_ekimi-300x166.webp 300w\" sizes=\"auto, (max-width: 750px) 100vw, 750px\" \/><\/figure>\n\n\n\n<p><span style=\"font-weight: 400;\">Kad\u0131nlara 3 a\u015famada sa\u00e7 ekimi i\u015flemi ger\u00e7ekle\u015ftirilir. Bu a\u015famalara bakacak olursak;<\/span><\/p>\n\n\n\n<p><strong>1) Don\u00f6r b\u00f6lgeden greftlerin toplanmas\u0131:<\/strong><\/p>\n\n\n\n<p>Lokal anestezi sonras\u0131, FUE tekni\u011fi ile don\u00f6r b\u00f6lgeden planlanan greft say\u0131s\u0131 tek tek toplan\u0131r. FUT y\u00f6ntemiyle de halen greft alan klinikler bulunmaktad\u0131r. Biz AHD klinik olarak 2010 y\u0131l\u0131ndan bu yana FUT tekni\u011fini uygulam\u0131yoruz. Hastam\u0131z a\u015f\u0131r\u0131 heyecanl\u0131 ise anestezi \u00f6ncesi sakinle\u015ftirici bir ila\u00e7 verilebilir. Bu a\u015fama 1-1,5 saat kadar s\u00fcrebilir.<\/p>\n\n\n\n<p><strong>2) Sa\u00e7 \u00e7izgisi tasar\u0131m\u0131:<\/strong><\/p>\n\n\n\n<figure class=\"wp-block-image size-full\"><img loading=\"lazy\" decoding=\"async\" width=\"750\" height=\"463\" src=\"http:\/\/hairtransplantationbeforeafter.com\/wp-content\/uploads\/2025\/05\/kadinlarda_sac_cizgisi.webp\" alt=\"kad\u0131nda do\u011fal sa\u00e7 \u00e7izgisine bir \u00f6rnek\" class=\"wp-image-16252\" srcset=\"http:\/\/hairtransplantationbeforeafter.com\/wp-content\/uploads\/2025\/05\/kadinlarda_sac_cizgisi.webp 750w, http:\/\/hairtransplantationbeforeafter.com\/wp-content\/uploads\/2025\/05\/kadinlarda_sac_cizgisi-300x185.webp 300w\" sizes=\"auto, (max-width: 750px) 100vw, 750px\" \/><\/figure>\n\n\n\n<p>Sa\u00e7 \u00e7izgisini a\u015fa\u011f\u0131ya indirmek isteyen bir kad\u0131n\u0131n al\u0131n ve <em>\u015fakak b\u00f6lgesine ekim yap\u0131lacaksa<\/em>, bu a\u015fama olduk\u00e7a \u00f6nem ta\u015f\u0131r. Burada doktorun sanatsal tasar\u0131m g\u00fcc\u00fc devreye girmelidir. \u00c7\u00fcnk\u00fc kad\u0131nlar\u0131n sa\u00e7 \u00e7izgisi erkeklere g\u00f6re daha yumu\u015fak ve \u015feffaft\u0131r. Her kad\u0131n i\u00e7in, y\u00fcz hatt\u0131yla uyumlu ve ayr\u0131 bir do\u011fal sa\u00e7 \u00e7izgisi tasarlanmal\u0131d\u0131r.\u00a0<\/p>\n\n\n\n<p><strong>3) Toplanan greftlerin ekimi:<\/strong><\/p>\n\n\n\n<figure class=\"wp-block-image size-full\"><img loading=\"lazy\" decoding=\"async\" width=\"750\" height=\"490\" src=\"http:\/\/hairtransplantationbeforeafter.com\/wp-content\/uploads\/2025\/05\/kadinlara_sac_ekimi.webp\" alt=\"kad\u0131nlarda dhi y\u00f6ntemiyle sa\u00e7 ekiminde ba\u015far\u0131 oran\u0131 artmaktad\u0131r.\" class=\"wp-image-16253\" srcset=\"http:\/\/hairtransplantationbeforeafter.com\/wp-content\/uploads\/2025\/05\/kadinlara_sac_ekimi.webp 750w, http:\/\/hairtransplantationbeforeafter.com\/wp-content\/uploads\/2025\/05\/kadinlara_sac_ekimi-300x196.webp 300w\" sizes=\"auto, (max-width: 750px) 100vw, 750px\" \/><\/figure>\n\n\n\n<p>Toplanan sa\u00e7 greftleri sa\u00e7 ekimi i\u00e7in planlam\u0131\u015f b\u00f6lgeye FUE ya da DHI y\u00f6ntemiyle tek tek nakledilir. Dhi ad\u0131 verilen kalem y\u00f6ntemi, kad\u0131lar\u0131n sa\u00e7 ekiminde biz g\u00f6re en ideal y\u00f6ntemdir. \u00c7\u00fcnk\u00fc sa\u00e7lar t\u0131ra\u015f edilmedi\u011fi i\u00e7in sa\u00e7 aralar\u0131na girerek s\u0131kla\u015ft\u0131rma i\u015fleminin en iyi sonu\u00e7lar\u0131 implanter pen y\u00f6nteminde al\u0131n\u0131r. Bu a\u015fama olduk\u00e7a konforlu ge\u00e7er. \u0130\u015flem yap\u0131l\u0131rken kitap okuyabilir m\u00fczik dinleyebilir ya da film seyredebilirsiniz.<\/p>\n\n\n\n<p>T\u0131ra\u015fs\u0131z y\u00f6ntem ile don\u00f6r b\u00f6lgeden bir seansta yeteri say\u0131da greft her zaman elde edilemez. Bu nedenle ideal s\u0131kl\u0131\u011f\u0131 sa\u011flamak i\u00e7in birden fazla sa\u00e7 ekimi gerekebilir. Kad\u0131nlar\u0131n sa\u00e7 \u00e7izgisinde do\u011fal g\u00f6r\u00fcnt\u00fcy\u00fc elde etmenin temel kural\u0131 do\u011fru a\u00e7\u0131larla sa\u00e7 k\u00f6klerini yerle\u015ftirmektir. Dhi tekni\u011fi bu konuda olduk\u00e7a avantajl\u0131d\u0131r. Ayr\u0131ca kanama daha az olaca\u011f\u0131 i\u00e7in iyile\u015fme de daha h\u0131zl\u0131d\u0131r.<\/p>\n\n\n\n<p>Kad\u0131nlar\u0131n sa\u00e7 ekiminde ortalama s\u00fcre, greft say\u0131s\u0131na ba\u011fl\u0131 olarak 3-7 saat aras\u0131nda de\u011fi\u015febilir. Bu operasyonla birlikte ka\u015f ekimi de kad\u0131nlarda e\u015f zamanl\u0131 olarak yap\u0131labilir.<\/p>\n\n\n\n<h3 class=\"wp-block-heading\">Kad\u0131n Sa\u00e7 ekimi a\u011fr\u0131l\u0131 m\u0131d\u0131r?<\/h3>\n\n\n\n<p><span style=\"font-weight: 400;\">Greft toplamas\u0131 ve ekiminden \u00f6nce lokal anestezi yap\u0131l\u0131r. Anestezi s\u0131ras\u0131nda birka\u00e7 dakika s\u00fcren a\u011fr\u0131 olur. Fakat bu b\u00fcy\u00fct\u00fclecek bir a\u011fr\u0131 de\u011fildir. Anestezi sonras\u0131nda i\u015flem yap\u0131lacak alan uyu\u015fur ve konforlu bir \u015fekilde operasyon tamamlan\u0131r. Ekim sonras\u0131nda ise belirgin bir a\u011fr\u0131 olmaz.<\/span><\/p>\n\n\n\n<h3 class=\"wp-block-heading\">Kad\u0131nlarda Sa\u00e7 Ekiminden Sonraki S\u00fcre\u00e7<\/h3>\n\n\n\n<p>Asl\u0131nda erkelerin sa\u00e7 ekim s\u00fcreci ile kad\u0131nlar\u0131n s\u00fcreci aras\u0131nda \u00f6nemli bir fark yoktur. Tra\u015fs\u0131z ekim yap\u0131ld\u0131\u011f\u0131 i\u00e7in kad\u0131nlardaki iyile\u015fme s\u00fcreci daha kolay atlat\u0131l\u0131r. Kendi sa\u00e7lar\u0131 ekim yap\u0131lan b\u00f6lgeyi kapataca\u011f\u0131 i\u00e7in ekime ait kabuklu g\u00f6r\u00fcnt\u00fc rahatl\u0131kla gizlenebilir. Ekim sonras\u0131 s\u00fcre\u00e7teki di\u011fer ayr\u0131nt\u0131lara bakacak olursak;<\/p>\n\n\n\n<p>Ekimden sonra evinize ya da otelinize rahatl\u0131kla gidebilirsiniz. A\u011fr\u0131n\u0131z olursa basit a\u011fr\u0131 kesiciler bu sorunu \u00e7\u00f6zmeye yeter. \u0130lk g\u00fcnden itibaren ekilen b\u00f6lgedeki k\u00fc\u00e7\u00fck p\u0131ht\u0131lar kurur ve kabuklanma meydana gelir. \u0130lk y\u0131kamayla beraber bu kabuklar yava\u015f yava\u015f kaybolacakt\u0131r.<\/p>\n\n\n\n<p>Birka\u00e7 g\u00fcn sonra al\u0131n ve g\u00f6z \u00e7evresinde hafif bir \u015fi\u015flik olur. Bu \u015fi\u015flik normaldir ve k\u0131sa s\u00fcre i\u00e7erisinde kendili\u011finden ge\u00e7ecektir. Bu d\u00f6nemde \u00f6demi \u00e7abuk atlatmak i\u00e7in ba\u015f\u0131n\u0131z y\u00fcksekte 2 yast\u0131kla yatman\u0131z\u0131 ve bol s\u0131v\u0131 t\u00fcketmenizi \u00f6neririz.<\/p>\n\n\n\n<p>Al\u0131m ve ekim yap\u0131lan b\u00f6lgede birka\u00e7 g\u00fcn s\u00fcren uyu\u015fukluk olabilir. Endi\u015fe etmenize gerek yoktur. Bu tamamen ge\u00e7ici bir yan etkidir.<\/p>\n\n\n\n<p>Kad\u0131nlar\u0131n sa\u00e7 ekimi sonras\u0131 y\u0131kama i\u015flemi daha hassas ve nazik yap\u0131lmal\u0131d\u0131r. Y\u0131kama \u00f6ncesinde kabuklar\u0131n yumu\u015famas\u0131 i\u00e7in krem s\u00fcr\u00fclecektir. S\u00fcr\u00fclen bu krem tra\u015f edilmemi\u015f uzun sa\u00e7lara yap\u0131\u015fabilir. Bunun i\u00e7in y\u0131kama i\u015flemi daha dikkatli yap\u0131lmal\u0131d\u0131r. \u0130mplanter pen tekni\u011fi ile ekim yap\u0131lm\u0131\u015fsa 2. g\u00fcn y\u0131kama i\u015flemi yap\u0131labilir. \u0130lk y\u0131kaman\u0131n sa\u00e7 ektirdi\u011finiz klinikte yap\u0131lmas\u0131 daha iyi olacakt\u0131r. 10. g\u00fcnde kabuklar\u0131n tamamen d\u00f6k\u00fclmesi beklenir.<\/p>\n\n\n\n<p>1.hafta sonunda iyile\u015fme b\u00fcy\u00fck oranda tamamlanm\u0131\u015ft\u0131r ve i\u015finize d\u00f6nebilirsiniz.<\/p>\n\n\n\n<p>Kad\u0131nlara yap\u0131lan sa\u00e7 ekiminde de erkelerdeki gibi d\u00f6k\u00fclme 2. haftadan itibaren ba\u015flar ve 2 ay kadar s\u00fcrebilir.\u00a0<\/p>\n\n\n\n<p>Ekilen sa\u00e7lar\u0131n ilk 2 ay g\u00fcne\u015f \u0131\u015f\u0131\u011f\u0131ndan korunmas\u0131 gerekir. Bunun i\u00e7in koruma fakt\u00f6rl\u00fc g\u00fcne\u015f kremi kullanabilirsiniz. 1ay ge\u00e7tikten sonra sa\u00e7lar\u0131n\u0131z\u0131 boyatabilirsiniz.<\/p>\n\n\n\n<h2 class=\"wp-block-heading\"><span class=\"ez-toc-section\" id=\"Kadinlarda_Sac_Ekimi_Oncesi_ve_Sonrasi_Sonuclar\"><\/span>Kad\u0131nlarda Sa\u00e7 Ekimi \u00d6ncesi ve Sonras\u0131 Sonu\u00e7lar<span class=\"ez-toc-section-end\"><\/span><\/h2>\n\n\n\n<p>\u015eok d\u00f6k\u00fclmeyle d\u00f6k\u00fclen sa\u00e7lar 3. ay sonundan itibaren \u00e7\u0131kmaya ba\u015flar. \u0130lk \u00e7\u0131kan sa\u00e7lar ince ve zay\u0131ft\u0131r. 4. ay sonunda genelde sa\u00e7lar\u0131n %30\u2019u \u00e7\u0131km\u0131\u015ft\u0131r. Zamanlar sa\u00e7larda \u00e7\u0131k\u0131\u015f ve kal\u0131nla\u015fma art\u0131\u015f g\u00f6sterir. 6.ayda sonu\u00e7lar fark edilmeye ba\u015flar ve ve 6 ay sonunda y\u00fczde 60 oran\u0131nda sa\u00e7 \u00e7\u0131k\u0131\u015f\u0131 beklenir. 7. aydan itibaren ekilen sa\u00e7 telleri belirgin derecede kal\u0131nla\u015f\u0131r. 8 aydan itibaren sa\u00e7 \u00e7\u0131k\u0131\u015flar\u0131 artar ve heyecan verici sonu\u00e7lar g\u00f6r\u00fcn\u00fcr hale gelir. Tam sonu\u00e7 i\u00e7in 1 y\u0131l\u0131 beklemek gereklidir.<\/p>\n\n\n\n<figure class=\"wp-block-image size-full\"><img loading=\"lazy\" decoding=\"async\" width=\"750\" height=\"433\" src=\"http:\/\/hairtransplantationbeforeafter.com\/wp-content\/uploads\/2025\/05\/kadin_sac-ekimi-oncesi-ve_sonrasi.webp\" alt=\"kad\u0131nlarda sa\u00e7 ekimi \u00f6ncesi sonras\u0131\" class=\"wp-image-16258\" srcset=\"http:\/\/hairtransplantationbeforeafter.com\/wp-content\/uploads\/2025\/05\/kadin_sac-ekimi-oncesi-ve_sonrasi.webp 750w, http:\/\/hairtransplantationbeforeafter.com\/wp-content\/uploads\/2025\/05\/kadin_sac-ekimi-oncesi-ve_sonrasi-300x173.webp 300w\" sizes=\"auto, (max-width: 750px) 100vw, 750px\" \/><\/figure>\n\n\n\n<p>Ahd klinikle ileti\u015fim kurdu\u011funuzda \u00f6ncesi ve sonras\u0131 sa\u00e7 ekim sonu\u00e7lar\u0131n\u0131 i\u00e7eren daha geni\u015f bilgi verebiliriz.<\/p>\n\n\n\n<h2 class=\"wp-block-heading\"><span class=\"ez-toc-section\" id=\"Kadinlarda_2025_Yili_Sac_Ekimi_Fiyatlari\"><\/span>Kad\u0131nlarda 2025 Y\u0131l\u0131 Sa\u00e7 Ekimi Fiyatlar\u0131 <span class=\"ez-toc-section-end\"><\/span><\/h2>\n\n\n\n<p><span style=\"font-weight: 400;\">Kad\u0131nlar\u0131n sa\u00e7 ekiminde maliyeti etkileyen bir ka\u00e7 fakt\u00f6r vard\u0131r. Bu fakt\u00f6rleri \u00f6zetleyecek olursak;<\/span><\/p>\n\n\n\n<ul class=\"wp-block-list\">\n<li>Greft say\u0131s\u0131<\/li>\n\n\n\n<li>Doktorun ve klini\u011fin marka de\u011feri,<\/li>\n\n\n\n<li>Ekim yap\u0131lan teknik;<\/li>\n\n\n\n<li>Co\u011frafi konum: \u00dclke ve \u015fehirlere g\u00f6re fiyatlar de\u011fi\u015febilir.<\/li>\n<\/ul>\n\n\n\n<p>Avrupa ve Amerika Birle\u015fik Devletleri\u2019ndeki fiyatlar 5.000 \u2013 20.000 USD \/ Euro aras\u0131nda de\u011fi\u015febilir.<\/p>\n\n\n\n<p>T\u00fcrkiye\u2019de ise kad\u0131nlara yap\u0131lan sa\u00e7 ekimlerinde 2025 y\u0131l\u0131 i\u00e7in ortalama fiyat 75.000 TL ile 150.000 TL aras\u0131nda de\u011fi\u015fmektedir. T\u00fcrkiye\u2019deki fiyatlar Avrupa ve Amerika\u2019ya g\u00f6re daha uygundur. Zaten bundan dolay\u0131 t\u00fcm operasyonlara y\u00fcksek say\u0131da talep vard\u0131r. Fakat kad\u0131n sa\u00e7 ekimi i\u015flemi \u00f6zel sanatsal tasar\u0131m gerektiren hassas bir i\u015flemdir. Bundan dolay\u0131 alan\u0131nda kendini kan\u0131tlam\u0131\u015f g\u00fcvenilir yerleri tercih etmeniz \u00f6nerilir. Ayr\u0131ca fiyat ara\u015ft\u0131rmas\u0131 yan\u0131nda sa\u00e7 ekimi yapt\u0131ran kad\u0131nlar\u0131n yorum ve tavsiyelerini de dikkate almal\u0131s\u0131n\u0131z. \u015eunu akl\u0131n\u0131zdan \u00e7\u0131karmay\u0131n. Hatal\u0131 yap\u0131lm\u0131\u015f al\u0131n \u00e7izgisi ekiminden dolay\u0131 bunu d\u00fczeltmek i\u00e7in klini\u011fimize ba\u015fvuran bir\u00e7ok bayan hasta olmu\u015ftur. \u00c7\u00fcnk\u00fc hatal\u0131 bir sa\u00e7 naklini d\u00fczeltmek hem zor hem de \u00e7ok daha maliyetlidir.<\/p>\n","protected":false},"excerpt":{"rendered":"<p>Sa\u00e7lar\u0131 seyrelip incelen kad\u0131nlar, genelde bu sorunu peruk ya da boyayla gizlemeye \u00e7al\u0131\u015f\u0131rlar. Sa\u00e7 bir kad\u0131n\u0131n d\u0131\u015f g\u00f6r\u00fcn\u00fcm\u00fcn\u00fc etkileyen \u00f6nemli [&hellip;]<\/p>\n","protected":false},"author":2,"featured_media":16250,"comment_status":"closed","ping_status":"closed","sticky":false,"template":"","format":"standard","meta":{"_acf_changed":false,"tpgb_global_settings":"","_eb_attr":"","_eb_data_table":"","site-sidebar-layout":"default","site-content-layout":"","ast-site-content-layout":"default","site-content-style":"default","site-sidebar-style":"default","ast-global-header-display":"","ast-banner-title-visibility":"","ast-main-header-display":"","ast-hfb-above-header-display":"","ast-hfb-below-header-display":"","ast-hfb-mobile-header-display":"","site-post-title":"","ast-breadcrumbs-content":"","ast-featured-img":"","footer-sml-layout":"","theme-transparent-header-meta":"","adv-header-id-meta":"","stick-header-meta":"","header-above-stick-meta":"","header-main-stick-meta":"","header-below-stick-meta":"","astra-migrate-meta-layouts":"default","ast-page-background-enabled":"default","ast-page-background-meta":{"desktop":{"background-color":"var(--ast-global-color-5)","background-image":"","background-repeat":"repeat","background-position":"center center","background-size":"auto","background-attachment":"scroll","background-type":"","background-media":"","overlay-type":"","overlay-color":"","overlay-opacity":"","overlay-gradient":""},"tablet":{"background-color":"","background-image":"","background-repeat":"repeat","background-position":"center center","background-size":"auto","background-attachment":"scroll","background-type":"","background-media":"","overlay-type":"","overlay-color":"","overlay-opacity":"","overlay-gradient":""},"mobile":{"background-color":"","background-image":"","background-repeat":"repeat","background-position":"center center","background-size":"auto","background-attachment":"scroll","background-type":"","background-media":"","overlay-type":"","overlay-color":"","overlay-opacity":"","overlay-gradient":""}},"ast-content-background-meta":{"desktop":{"background-color":"var(--ast-global-color-4)","background-image":"","background-repeat":"repeat","background-position":"center center","background-size":"auto","background-attachment":"scroll","background-type":"","background-media":"","overlay-type":"","overlay-color":"","overlay-opacity":"","overlay-gradient":""},"tablet":{"background-color":"var(--ast-global-color-4)","background-image":"","background-repeat":"repeat","background-position":"center center","background-size":"auto","background-attachment":"scroll","background-type":"","background-media":"","overlay-type":"","overlay-color":"","overlay-opacity":"","overlay-gradient":""},"mobile":{"background-color":"var(--ast-global-color-4)","background-image":"","background-repeat":"repeat","background-position":"center center","background-size":"auto","background-attachment":"scroll","background-type":"","background-media":"","overlay-type":"","overlay-color":"","overlay-opacity":"","overlay-gradient":""}},"footnotes":""},"categories":[27],"tags":[],"class_list":["post-206","post","type-post","status-publish","format-standard","has-post-thumbnail","hentry","category-blog"],"acf":[],"tpgb_featured_images":{"full":["http:\/\/hairtransplantationbeforeafter.com\/wp-content\/uploads\/2025\/05\/kadinlarda-sac_ekimi.webp",750,345,false],"tp-image-grid":["http:\/\/hairtransplantationbeforeafter.com\/wp-content\/uploads\/2025\/05\/kadinlarda-sac_ekimi.webp",700,322,false],"thumbnail":["http:\/\/hairtransplantationbeforeafter.com\/wp-content\/uploads\/2025\/05\/kadinlarda-sac_ekimi-150x150.webp",150,150,true],"medium":["http:\/\/hairtransplantationbeforeafter.com\/wp-content\/uploads\/2025\/05\/kadinlarda-sac_ekimi-300x138.webp",300,138,true],"medium_large":["http:\/\/hairtransplantationbeforeafter.com\/wp-content\/uploads\/2025\/05\/kadinlarda-sac_ekimi.webp",750,345,false],"large":["http:\/\/hairtransplantationbeforeafter.com\/wp-content\/uploads\/2025\/05\/kadinlarda-sac_ekimi.webp",750,345,false],"default":"http:\/\/hairtransplantationbeforeafter.com\/wp-content\/plugins\/the-plus-addons-for-block-editor\/assets\/images\/tpgb-placeholder.jpg"},"tpgb_post_meta_info":{"get_date":"6 May\u0131s 2025","get_modified_date":"25 Kas\u0131m 2025","category_list":{"category":[{"term_id":27,"name":"Blog","slug":"blog","term_group":0,"term_taxonomy_id":27,"taxonomy":"category","description":"","parent":0,"count":21,"filter":"raw"}],"post_tag":false,"post_format":false},"author_name":"Dr. Hakan Doganay","author_url":"http:\/\/hairtransplantationbeforeafter.com\/tr\/author\/ahd\/","author_email":"sacekimi@gmail.com","author_website":"","author_description":"Dr. Hakan Do\u011fanay in Turkey. With 22 years of experience starting from 2003, Dr. Hakan Do\u011fanay is among the pioneering doctors in Turkey.","author_facebook":"","author_twitter":"","author_instagram":"","author_role":["administrator"],"author_firstname":"Dr. Hakan","author_lastname":"Doganay","user_login":"AHD","author_avatar":"<img alt='' src='https:\/\/secure.gravatar.com\/avatar\/0962d7b796652491e3aa69d35cd61f848d4ba6757b16cc3b6b92cf8b3ea9ded3?s=200&#038;d=mm&#038;r=g' srcset='https:\/\/secure.gravatar.com\/avatar\/0962d7b796652491e3aa69d35cd61f848d4ba6757b16cc3b6b92cf8b3ea9ded3?s=400&#038;d=mm&#038;r=g 2x' class='avatar avatar-200 photo' height='200' width='200' loading='lazy' decoding='async'\/>","author_avatar_url":"https:\/\/secure.gravatar.com\/avatar\/0962d7b796652491e3aa69d35cd61f848d4ba6757b16cc3b6b92cf8b3ea9ded3?s=96&d=mm&r=g","comment_count":0,"post_likes":0,"post_views":0},"tpgb_post_category":{"category":"<a href=\"http:\/\/hairtransplantationbeforeafter.com\/tr\/blog\/\" alt=\"Blog\" class=\"category-blog\">Blog<\/a> "},"_links":{"self":[{"href":"http:\/\/hairtransplantationbeforeafter.com\/tr\/wp-json\/wp\/v2\/posts\/206","targetHints":{"allow":["GET"]}}],"collection":[{"href":"http:\/\/hairtransplantationbeforeafter.com\/tr\/wp-json\/wp\/v2\/posts"}],"about":[{"href":"http:\/\/hairtransplantationbeforeafter.com\/tr\/wp-json\/wp\/v2\/types\/post"}],"author":[{"embeddable":true,"href":"http:\/\/hairtransplantationbeforeafter.com\/tr\/wp-json\/wp\/v2\/users\/2"}],"replies":[{"embeddable":true,"href":"http:\/\/hairtransplantationbeforeafter.com\/tr\/wp-json\/wp\/v2\/comments?post=206"}],"version-history":[{"count":5,"href":"http:\/\/hairtransplantationbeforeafter.com\/tr\/wp-json\/wp\/v2\/posts\/206\/revisions"}],"predecessor-version":[{"id":26284,"href":"http:\/\/hairtransplantationbeforeafter.com\/tr\/wp-json\/wp\/v2\/posts\/206\/revisions\/26284"}],"wp:featuredmedia":[{"embeddable":true,"href":"http:\/\/hairtransplantationbeforeafter.com\/tr\/wp-json\/wp\/v2\/media\/16250"}],"wp:attachment":[{"href":"http:\/\/hairtransplantationbeforeafter.com\/tr\/wp-json\/wp\/v2\/media?parent=206"}],"wp:term":[{"taxonomy":"category","embeddable":true,"href":"http:\/\/hairtransplantationbeforeafter.com\/tr\/wp-json\/wp\/v2\/categories?post=206"},{"taxonomy":"post_tag","embeddable":true,"href":"http:\/\/hairtransplantationbeforeafter.com\/tr\/wp-json\/wp\/v2\/tags?post=206"}],"curies":[{"name":"wp","href":"https:\/\/api.w.org\/{rel}","templated":true}]}}