{"id":17710,"date":"2025-03-05T13:48:19","date_gmt":"2025-03-05T10:48:19","guid":{"rendered":"http:\/\/hairtransplantationbeforeafter.com\/?p=17710"},"modified":"2025-11-26T13:26:59","modified_gmt":"2025-11-26T10:26:59","slug":"transplante-capilar-coroa","status":"publish","type":"post","link":"http:\/\/hairtransplantationbeforeafter.com\/pt\/transplante-capilar-coroa\/","title":{"rendered":"Transplante Capilar Coroa"},"content":{"rendered":"\n<p>O transplante capilar na regi\u00e3o da coroa (ou topo da cabe\u00e7a) difere dos transplantes cl\u00e1ssicos devido a algumas caracter\u00edsticas, como a diferen\u00e7a de \u00e2ngulo dos fios. Neste artigo, tentaremos fornecer informa\u00e7\u00f5es sobre a causa da queda de cabelo na regi\u00e3o da coroa e os m\u00e9todos de tratamento.&#8221;<\/p>\n\n\n\n<div id=\"ez-toc-container\" class=\"ez-toc-v2_0_78 counter-hierarchy ez-toc-counter ez-toc-grey ez-toc-container-direction\">\n<div class=\"ez-toc-title-container\">\n<p class=\"ez-toc-title\" style=\"cursor:inherit\">Table of Contents<\/p>\n<span class=\"ez-toc-title-toggle\"><a href=\"#\" class=\"ez-toc-pull-right ez-toc-btn ez-toc-btn-xs ez-toc-btn-default ez-toc-toggle\" aria-label=\"Toggle Table of Content\"><span class=\"ez-toc-js-icon-con\"><span class=\"\"><span class=\"eztoc-hide\" style=\"display:none;\">Toggle<\/span><span class=\"ez-toc-icon-toggle-span\"><svg style=\"fill: #999;color:#999\" xmlns=\"http:\/\/www.w3.org\/2000\/svg\" class=\"list-377408\" width=\"20px\" height=\"20px\" viewBox=\"0 0 24 24\" fill=\"none\"><path d=\"M6 6H4v2h2V6zm14 0H8v2h12V6zM4 11h2v2H4v-2zm16 0H8v2h12v-2zM4 16h2v2H4v-2zm16 0H8v2h12v-2z\" fill=\"currentColor\"><\/path><\/svg><svg style=\"fill: #999;color:#999\" class=\"arrow-unsorted-368013\" xmlns=\"http:\/\/www.w3.org\/2000\/svg\" width=\"10px\" height=\"10px\" viewBox=\"0 0 24 24\" version=\"1.2\" baseProfile=\"tiny\"><path d=\"M18.2 9.3l-6.2-6.3-6.2 6.3c-.2.2-.3.4-.3.7s.1.5.3.7c.2.2.4.3.7.3h11c.3 0 .5-.1.7-.3.2-.2.3-.5.3-.7s-.1-.5-.3-.7zM5.8 14.7l6.2 6.3 6.2-6.3c.2-.2.3-.5.3-.7s-.1-.5-.3-.7c-.2-.2-.4-.3-.7-.3h-11c-.3 0-.5.1-.7.3-.2.2-.3.5-.3.7s.1.5.3.7z\"\/><\/svg><\/span><\/span><\/span><\/a><\/span><\/div>\n<nav><ul class='ez-toc-list ez-toc-list-level-1 eztoc-toggle-hide-by-default' ><li class='ez-toc-page-1 ez-toc-heading-level-2'><a class=\"ez-toc-link ez-toc-heading-1\" href=\"http:\/\/hairtransplantationbeforeafter.com\/pt\/transplante-capilar-coroa\/#Por_que_o_cabelo_da_area_da_coroa_cai\" >Por que o cabelo da \u00e1rea da coroa cai?<\/a><\/li><li class='ez-toc-page-1 ez-toc-heading-level-2'><a class=\"ez-toc-link ez-toc-heading-2\" href=\"http:\/\/hairtransplantationbeforeafter.com\/pt\/transplante-capilar-coroa\/#O_que_e_o_Transplante_Capilar_na_Regiao_da_Coroa\" >O que \u00e9 o Transplante Capilar na Regi\u00e3o da Coroa?<\/a><\/li><li class='ez-toc-page-1 ez-toc-heading-level-2'><a class=\"ez-toc-link ez-toc-heading-3\" href=\"http:\/\/hairtransplantationbeforeafter.com\/pt\/transplante-capilar-coroa\/#Fases_do_Transplante_Capilar_Vertex\" >Fases do Transplante Capilar Vertex<\/a><\/li><li class='ez-toc-page-1 ez-toc-heading-level-2'><a class=\"ez-toc-link ez-toc-heading-4\" href=\"http:\/\/hairtransplantationbeforeafter.com\/pt\/transplante-capilar-coroa\/#Processo_de_Recuperacao\" >Processo de Recupera\u00e7\u00e3o<\/a><\/li><li class='ez-toc-page-1 ez-toc-heading-level-2'><a class=\"ez-toc-link ez-toc-heading-5\" href=\"http:\/\/hairtransplantationbeforeafter.com\/pt\/transplante-capilar-coroa\/#Resultados_de_Transplante_Capilar_na_Regiao_da_Coroa\" >Resultados de Transplante Capilar na Regi\u00e3o da Coroa<\/a><\/li><li class='ez-toc-page-1 ez-toc-heading-level-2'><a class=\"ez-toc-link ez-toc-heading-6\" href=\"http:\/\/hairtransplantationbeforeafter.com\/pt\/transplante-capilar-coroa\/#Custo_de_um_Transplante_Capilar_de_Coroa_na_Turquia\" >Custo de um Transplante Capilar de Coroa na Turquia<\/a><\/li><li class='ez-toc-page-1 ez-toc-heading-level-2'><a class=\"ez-toc-link ez-toc-heading-7\" href=\"http:\/\/hairtransplantationbeforeafter.com\/pt\/transplante-capilar-coroa\/#Perguntas_Frequentes\" >Perguntas Frequentes<\/a><\/li><\/ul><\/nav><\/div>\n<h2 class=\"wp-block-heading\"><span class=\"ez-toc-section\" id=\"Por_que_o_cabelo_da_area_da_coroa_cai\"><\/span>Por que o cabelo da \u00e1rea da coroa cai?<span class=\"ez-toc-section-end\"><\/span><\/h2>\n\n\n\n<p>Em 70 a 80% dos homens, \u00e9 observado, em alguma fase da vida, um afinamento e queda de cabelo no couro cabeludo. A raz\u00e3o mais importante para isso s\u00e3o as causas hormonais, chamadas de alopecia androgen\u00e9tica, ou calv\u00edcie de padr\u00e3o masculino. Na calv\u00edcie de padr\u00e3o masculino, os cabelos nesta regi\u00e3o s\u00e3o bastante sens\u00edveis ao horm\u00f4nio di-hidrotestosterona (DHT). Por causa disso, a fase an\u00e1gena do cabelo \u00e9 encurtada. <\/p>\n\n\n\n<p>Os cabelos com a fase an\u00e1gena encurtada afinam precocemente e come\u00e7am a rarear. Nos primeiros momentos em que o rareamento come\u00e7a, isso pode n\u00e3o ser muito percept\u00edvel. O afinamento e o rareamento s\u00e3o mais percept\u00edveis quando o cabelo est\u00e1 molhado, principalmente ap\u00f3s o banho. Em fases mais avan\u00e7adas, os cabelos afinados come\u00e7am a cair e ocorre uma calv\u00edcie completa.<\/p>\n\n\n\n<p>Al\u00e9m disso, se houver queda nos pais como caracter\u00edstica familiar, \u00e9 muito prov\u00e1vel que a mesma condi\u00e7\u00e3o seja observada em seus filhos. A velocidade da queda dos cabelos na regi\u00e3o da coroa n\u00e3o \u00e9 a mesma para todos. Geralmente, o padr\u00e3o de queda do pai tende a se repetir da mesma forma em seus filhos.<\/p>\n\n\n\n<p>De acordo com a classifica\u00e7\u00e3o de queda de cabelo de Norwood, nos tipos 3 e acima, a regi\u00e3o da coroa tamb\u00e9m \u00e9 afetada.<\/p>\n\n\n\n<figure class=\"wp-block-image size-full\"><img loading=\"lazy\" decoding=\"async\" width=\"750\" height=\"461\" src=\"http:\/\/hairtransplantationbeforeafter.com\/wp-content\/uploads\/2025\/03\/transplante-capilar-so-na-coroa.webp\" alt=\"Taxa de sucesso de transplante capilar na \u00e1rea da coroa\" class=\"wp-image-18049\" srcset=\"http:\/\/hairtransplantationbeforeafter.com\/wp-content\/uploads\/2025\/03\/transplante-capilar-so-na-coroa.webp 750w, http:\/\/hairtransplantationbeforeafter.com\/wp-content\/uploads\/2025\/03\/transplante-capilar-so-na-coroa-300x184.webp 300w, http:\/\/hairtransplantationbeforeafter.com\/wp-content\/uploads\/2025\/03\/transplante-capilar-so-na-coroa-20x12.webp 20w\" sizes=\"auto, (max-width: 750px) 100vw, 750px\" \/><\/figure>\n\n\n\n<ul class=\"wp-block-list\">\n<li><strong>Tipo 3:<\/strong> H\u00e1 um leve rarefa\u00e7\u00e3o no topo da cabe\u00e7a.<\/li>\n\n\n\n<li><strong>Tipo 4:<\/strong> A calv\u00edcie come\u00e7a a aumentar em formato circular.<\/li>\n\n\n\n<li><strong>Tipo 5:<\/strong> Ocorre a calv\u00edcie completa no v\u00e9rtex. A queda de cabelo continua a avan\u00e7ar em dire\u00e7\u00e3o \u00e0s \u00e1reas frontal e posterior.<\/li>\n\n\n\n<li><strong>Tipo 6 e 7:<\/strong> Formou-se uma calv\u00edcie que abrange toda a parte superior da cabe\u00e7a.<\/li>\n<\/ul>\n\n\n\n<p>Para aqueles que sofrem de queda na regi\u00e3o do topo (coroa), essa condi\u00e7\u00e3o n\u00e3o significa que haver\u00e1 perda de cabelo em toda a cabe\u00e7a. Ou seja, naqueles com queda de tipo 3 e 4, nem sempre haver\u00e1 progress\u00e3o para os tipos 5, 6 e 7.<\/p>\n\n\n\n<h2 class=\"wp-block-heading\"><span class=\"ez-toc-section\" id=\"O_que_e_o_Transplante_Capilar_na_Regiao_da_Coroa\"><\/span>O que \u00e9 o Transplante Capilar na Regi\u00e3o da Coroa?<span class=\"ez-toc-section-end\"><\/span><\/h2>\n\n\n\n<p>Nos casos de queda na parte superior da cabe\u00e7a, chamada de coroa, o transplante de cabelo para a \u00e1rea afinada ou careca, utilizando fios fortes da \u00e1rea doadora, \u00e9 chamado de transplante de v\u00e9rtice ou de coroa. De origem latina, a palavra &#8216;v\u00e9rtice&#8217; significa o ponto mais alto e superior da cabe\u00e7a.<\/p>\n\n\n\n<h3 class=\"wp-block-heading\">Quem \u00e9 um Bom Candidato para um Transplante Capilar na Coroa (Vertex)?<\/h3>\n\n\n\n<figure class=\"wp-block-image size-full\"><img loading=\"lazy\" decoding=\"async\" width=\"750\" height=\"467\" src=\"http:\/\/hairtransplantationbeforeafter.com\/wp-content\/uploads\/2025\/03\/transplante-capilar-coroa.webp\" alt=\"transplante capilar coroa\" class=\"wp-image-18050\" srcset=\"http:\/\/hairtransplantationbeforeafter.com\/wp-content\/uploads\/2025\/03\/transplante-capilar-coroa.webp 750w, http:\/\/hairtransplantationbeforeafter.com\/wp-content\/uploads\/2025\/03\/transplante-capilar-coroa-300x187.webp 300w, http:\/\/hairtransplantationbeforeafter.com\/wp-content\/uploads\/2025\/03\/transplante-capilar-coroa-20x12.webp 20w\" sizes=\"auto, (max-width: 750px) 100vw, 750px\" \/><\/figure>\n\n\n\n<p>Para um transplante na coroa, \u00e9 necess\u00e1rio que os cabelos da \u00e1rea doadora sejam fortes e em quantidade suficiente. Os melhores candidatos para esse procedimento s\u00e3o aqueles que apresentam queda de cabelo apenas na parte superior da cabe\u00e7a e que possuem cabelos doadores robustos.<\/p>\n\n\n\n<p>Em casos de calv\u00edcie avan\u00e7ada, como os tipos 6 e 7, os cabelos da \u00e1rea doadora provavelmente n\u00e3o ser\u00e3o suficientes para cobrir a \u00e1rea completamente. Nessa situa\u00e7\u00e3o, fazer um transplante na coroa n\u00e3o \u00e9 muito vantajoso. Isso porque, para a grande maioria das pessoas que sofrem com queda de cabelo, a \u00e1rea mais importante \u00e9 a linha frontal e a regi\u00e3o frontal do couro cabeludo. Quando os cabelos transplantados para as \u00e1reas frontal e superior s\u00e3o penteados para tr\u00e1s, eles tamb\u00e9m podem camuflar as \u00e1reas calvas na parte de tr\u00e1s.<\/p>\n\n\n\n<h2 class=\"wp-block-heading\"><span class=\"ez-toc-section\" id=\"Fases_do_Transplante_Capilar_Vertex\"><\/span>Fases do Transplante Capilar Vertex<span class=\"ez-toc-section-end\"><\/span><\/h2>\n\n\n\n<p>Com exce\u00e7\u00e3o de alguns pontos que exigem aten\u00e7\u00e3o, o transplante na regi\u00e3o da coroa (vertex) n\u00e3o \u00e9 diferente do procedimento cl\u00e1ssico de restaura\u00e7\u00e3o capilar. Esta opera\u00e7\u00e3o \u00e9 conclu\u00edda em 3 fases.<\/p>\n\n\n\n<h3 class=\"wp-block-heading\">1) Per\u00edodo de consulta e pr\u00e9-transplante capilar:<\/h3>\n\n\n\n<p>Primeiro, deve ser confirmado se a pessoa \u00e9 adequada para esta cirurgia. O m\u00e9dico examinar\u00e1 a qualidade e a capacidade dos cabelos na sua \u00e1rea doadora. Como mencionado anteriormente, em casos avan\u00e7ados de calv\u00edcie, como Norwood 6-7, o transplante capilar pode n\u00e3o ser a escolha certa. Pessoas adequadas ter\u00e3o um acesso venoso instalado e a \u00e1rea doadora ser\u00e1 raspada, deixando-o pronto para a cirurgia.<\/p>\n\n\n\n<h3 class=\"wp-block-heading\">2) Coleta de enxertos da \u00e1rea doadora<\/h3>\n\n\n\n<p>A primeira escolha para a \u00e1rea doadora s\u00e3o os cabelos fortes da regi\u00e3o da nuca (occipital), entre as duas orelhas. Ap\u00f3s o rapar a \u00e1rea doadora, \u00e9 aplicada anestesia local. Depois da anestesia, os cabelos s\u00e3o coletados cuidadosamente, um a um, utilizando o m\u00e9todo FUE.<\/p>\n\n\n\n<p>Em caso de insufici\u00eancia da \u00e1rea doadora, os pelos da barba e do peito tamb\u00e9m podem ser usados para o transplante capilar no topo da cabe\u00e7a.<\/p>\n\n\n\n<h3 class=\"wp-block-heading\">3) Transplante capilar no topo da cabe\u00e7a<\/h3>\n\n\n\n<p>\u00c9 aplicada anestesia local na \u00e1rea que receber\u00e1 o enxerto, e os fol\u00edculos coletados s\u00e3o colocados um a um na regi\u00e3o planeada. Para a implanta\u00e7\u00e3o dos cabelos, s\u00e3o utilizados m\u00e9todos minimamente invasivos, como FUE ou DHI. Na cl\u00ednica AHD, preferimos a t\u00e9cnica de transplante capilar DHI para esta cirurgia. A dura\u00e7\u00e3o da cirurgia varia de acordo com o n\u00famero de enxertos a serem implantados e pode levar em m\u00e9dia de 4 a 7 horas.<\/p>\n\n\n\n<h3 class=\"wp-block-heading\">Aspectos a serem considerados no transplante capilar da coroa (\u00e1rea da coroa)<\/h3>\n\n\n\n<ul class=\"wp-block-list\">\n<li>A coroa possui \u00e2ngulos caracter\u00edsticos. Esses fios crescem em um ciclo circular, em forma de redemoinho. Em algumas pessoas, pode at\u00e9 haver dois redemoinhos diferentes, em formato espiral. Neste ciclo de crescimento, os \u00e2ngulos variam em 360 graus, de cima para baixo. Ou seja, eles se distribuem em leque, para a direita e para a esquerda. Durante a implanta\u00e7\u00e3o, os canais devem ser abertos paralelamente \u00e0 dire\u00e7\u00e3o dos fios naturais dessa \u00e1rea. Caso contr\u00e1rio, n\u00e3o ser\u00e1 poss\u00edvel obter um resultado natural. Por isso, o transplante na coroa \u00e9 desafiador e a escolha de um m\u00e9dico qualificado e experiente \u00e9 crucial. Isso porque abrir os canais com os \u00e2ngulos corretos \u00e9 um procedimento que requer expertise.<\/li>\n\n\n\n<li>Os fios localizados imediatamente acima da \u00e1rea doadora (geralmente a nuca) t\u00eam uma dire\u00e7\u00e3o que aponta para baixo. Portanto, ao realizar o implante na coroa, o paciente deve deitar de bru\u00e7os, com o rosto voltado para baixo. Dessa forma, ser\u00e1 mais f\u00e1cil posicionar os enxertos com os \u00e2ngulos corretos.<\/li>\n\n\n\n<li>Al\u00e9m disso, a espessura do couro cabeludo na regi\u00e3o da coroa \u00e9 maior do que na \u00e1rea frontal. Ao abrir os canais, a profundidade deve ser planejada e controlada de forma precisa. Os \u00e2ngulos dos canais abertos devem ser de 20 a 25 graus em rela\u00e7\u00e3o ao couro cabeludo. Se os canais forem abertos em \u00e2ngulos mais verticais, pode n\u00e3o ser poss\u00edvel alcan\u00e7ar uma apar\u00eancia natural e densa.<\/li>\n\n\n\n<li>Os \u00e2ngulos corretos mencionados acima s\u00e3o mais facilmente alcan\u00e7ados com o m\u00e9todo DHI, utilizando as canetas chamadas de implanter pens. Por esse motivo, na cl\u00ednica AHD, o m\u00e9todo DHI \u00e9 preferido para os transplantes capilares. Adicionalmente, \u00e9 mais f\u00e1cil realizar um transplante sem raspar o cabelo (FUE sem raspar) nessa \u00e1rea usando a t\u00e9cnica da caneta. Na verdade, durante um procedimento FUE sem raspar, implantar os fios paralelamente aos cabelos existentes do paciente se torna mais simples.<\/li>\n\n\n\n<li>Se forem utilizados fios da barba e da nuca simultaneamente, a mistura desses enxertos durante o implante proporcionar\u00e1 um resultado mais natural.<\/li>\n<\/ul>\n\n\n\n<h2 class=\"wp-block-heading\"><span class=\"ez-toc-section\" id=\"Processo_de_Recuperacao\"><\/span>Processo de Recupera\u00e7\u00e3o<span class=\"ez-toc-section-end\"><\/span><\/h2>\n\n\n\n<p>As situa\u00e7\u00f5es encontradas no processo p\u00f3s-operat\u00f3rio s\u00e3o praticamente id\u00eanticas \u00e0s do transplante capilar cl\u00e1ssico. A vermelhid\u00e3o e as crostas ap\u00f3s a opera\u00e7\u00e3o desaparecer\u00e3o em at\u00e9 10 dias com a lavagem.<\/p>\n\n\n\n<p>Apenas nos transplantes realizados no topo da cabe\u00e7a (coroa), pode n\u00e3o haver nenhum incha\u00e7o ap\u00f3s o procedimento. Isso porque o l\u00edquido infiltrado no couro cabeludo escorrer\u00e1 em dire\u00e7\u00e3o \u00e0 nuca, e n\u00e3o haver\u00e1 um incha\u00e7o percept\u00edvel no rosto. O processo de recupera\u00e7\u00e3o geralmente \u00e9 conclu\u00eddo em 1 semana a 10 dias.<\/p>\n\n\n\n<p>Classicamente, dentro de 15 a 20 dias, os cabelos transplantados come\u00e7am a cair. Nesta \u00e1rea (o topo da cabe\u00e7a), a taxa de queda (efeito efluvium tel\u00f3geno ou &#8220;shock loss&#8221;) pode ser relativamente maior. A raz\u00e3o para isso \u00e9 que a vasculariza\u00e7\u00e3o (suprimento de sangue) da regi\u00e3o do topo \u00e9 menor compared \u00e0 frente.<\/p>\n\n\n\n<h2 class=\"wp-block-heading\"><span class=\"ez-toc-section\" id=\"Resultados_de_Transplante_Capilar_na_Regiao_da_Coroa\"><\/span>Resultados de Transplante Capilar na Regi\u00e3o da Coroa <span class=\"ez-toc-section-end\"><\/span><\/h2>\n\n\n\n<figure class=\"wp-block-image size-full\"><img loading=\"lazy\" decoding=\"async\" width=\"750\" height=\"425\" src=\"http:\/\/hairtransplantationbeforeafter.com\/wp-content\/uploads\/2025\/03\/resultados-coroa-transplante-capilar.webp\" alt=\"resultados coroa transplante capilar\" class=\"wp-image-18051\" srcset=\"http:\/\/hairtransplantationbeforeafter.com\/wp-content\/uploads\/2025\/03\/resultados-coroa-transplante-capilar.webp 750w, http:\/\/hairtransplantationbeforeafter.com\/wp-content\/uploads\/2025\/03\/resultados-coroa-transplante-capilar-300x170.webp 300w, http:\/\/hairtransplantationbeforeafter.com\/wp-content\/uploads\/2025\/03\/resultados-coroa-transplante-capilar-20x11.webp 20w\" sizes=\"auto, (max-width: 750px) 100vw, 750px\" \/><\/figure>\n\n\n\n<p>Os cabelos transplantados para a regi\u00e3o da coroa, que ca\u00edram devido \u00e0 queda de choque, crescem mais tarde em compara\u00e7\u00e3o com os cabelos implantados na \u00e1rea da frente. Geralmente, voc\u00ea pode come\u00e7ar a ver o crescimento dos fios a partir do 4\u00ba ou 5\u00ba m\u00eas. \u00c9 normal que, ao final do 6\u00ba m\u00eas, a m\u00e9dia de crescimento seja de cerca de 50%. Para obter o resultado completo na regi\u00e3o do v\u00e9rtice (coroa), geralmente \u00e9 necess\u00e1rio aguardar de 15 a 18 meses. Ou seja, em compara\u00e7\u00e3o com os cabelos transplantados para a regi\u00e3o frontal, o resultado final para os cabelos implantados na coroa pode levar de 2 a 3 meses a mais.<\/p>\n\n\n\n<h3 class=\"wp-block-heading\">Qual \u00e9 a Taxa de Sucesso do Transplante Capilar na Regi\u00e3o da Coroa (Topo)?<\/h3>\n\n\n\n<p>O transplante na coroa \u00e9 mais dif\u00edcil do que na linha frontal pelos motivos que mencionamos acima. Devido aos \u00e2ngulos peculiares da v\u00e9rtex (coroa), ser\u00e3o necess\u00e1rios mais enxertos para se obter uma boa densidade. Por isso, pode ser necess\u00e1ria uma segunda sess\u00e3o para proporcionar uma melhor cobertura.<\/p>\n\n\n\n<p>No entanto, se o n\u00famero de enxertos por cent\u00edmetro quadrado for planeado corretamente, a taxa de sucesso do transplante na coroa tamb\u00e9m aumentar\u00e1. Em m\u00e9dia, \u00e9 poss\u00edvel obter uma boa cobertura na regi\u00e3o da coroa com 45 a 50 enxertos por 1 cm\u00b2. Al\u00e9m disso, a espessura e a textura do fio de cabelo s\u00e3o fatores importantes para a cobertura. Por exemplo, em pessoas com cabelos encaracolados ou ondulados, pode-se obter um resultado mais bem-sucedido no topo.<\/p>\n\n\n\n<p>Em transplantes que envolvem tanto a \u00e1rea frontal quanto a coroa, a maioria dos enxertos \u00e9 geralmente implantada na linha frontal e atr\u00e1s dela. Isso porque a maioria das pessoas deseja primeiro o preenchimento da regi\u00e3o frontal. Consequentemente, a quantidade de enxertos a ser implantada na coroa acaba ficando reduzida. Nesse caso, forma-se uma apar\u00eancia mais rala na coroa em compara\u00e7\u00e3o com a \u00e1rea frontal. Claro, como passa um per\u00edodo de cerca de 1 ano, geralmente pensa-se que os cabelos dessa regi\u00e3o n\u00e3o cresceram. Na verdade, isso n\u00e3o \u00e9 verdade. A realidade \u00e9 que n\u00e3o foram implantados enxertos suficientes para a coroa.<\/p>\n\n\n\n<p>Para obter resultados bem-sucedidos na regi\u00e3o da coroa, a escolha do m\u00e9dico correto tamb\u00e9m \u00e9 extremamente importante. Para isso, examine os resultados de transplantes capilares anteriores e posteriores da cl\u00ednica que est\u00e1 a considerar. Se houver, analise as recomenda\u00e7\u00f5es e reclama\u00e7\u00f5es sobre eles. \u00c9 ben\u00e9fico que voc\u00ea tome a sua decis\u00e3o analisando os coment\u00e1rios sobre o m\u00e9dico e a cl\u00ednica, especialmente em sites de f\u00f3runs. Porque os coment\u00e1rios que as pessoas compartilham em f\u00f3runs s\u00e3o geralmente realistas e imparciais.<\/p>\n\n\n\n<h2 class=\"wp-block-heading\"><span class=\"ez-toc-section\" id=\"Custo_de_um_Transplante_Capilar_de_Coroa_na_Turquia\"><\/span>Custo de um Transplante Capilar de Coroa na Turquia<span class=\"ez-toc-section-end\"><\/span><\/h2>\n\n\n\n<p>Os pre\u00e7os da opera\u00e7\u00e3o variam de acordo com o n\u00famero de enxertos. Os custos tamb\u00e9m variam conforme o m\u00e9todo FUE ou DHI. Os honor\u00e1rios de cirurgi\u00f5es capilares qualificados s\u00e3o sempre mais altos.<\/p>\n\n\n\n<p>Na Turquia, voc\u00ea pode fazer um transplante capilar na \u00e1rea da coroa com pre\u00e7os entre 1500 e 5000 Euros.<\/p>\n\n\n\n<p>Nos Estados Unidos, os pre\u00e7os variam em m\u00e9dia entre 5000 e 15.000 USD.<\/p>\n\n\n\n<p>Se voc\u00ea est\u00e1 considerando fazer um transplante capilar na Turquia, agende uma consulta gratuita com a cl\u00ednica AHD e obtenha informa\u00e7\u00f5es sobre nossos pre\u00e7os. Os resultados de transplante capilar da cl\u00ednica AHD lhe dar\u00e3o uma ideia realista.<\/p>\n\n\n\n<h2 class=\"wp-block-heading\"><span class=\"ez-toc-section\" id=\"Perguntas_Frequentes\"><\/span>Perguntas Frequentes<span class=\"ez-toc-section-end\"><\/span><\/h2>\n\n\n<div id=\"rank-math-faq\" class=\"rank-math-block\">\n<div class=\"rank-math-list \">\n<div id=\"faq-question-1757799934605\" class=\"rank-math-list-item\">\n<h3 class=\"rank-math-question \">Quantos enxertos s\u00e3o necess\u00e1rios para um transplante capilar na coroa ?<\/h3>\n<div class=\"rank-math-answer \">\n\n<p>A rarefa\u00e7\u00e3o na regi\u00e3o da coroa geralmente tem um formato circular. Antes do transplante capilar, o tamanho da \u00e1rea circular \u00e9 determinada pela f\u00f3rmula (Pi * r\u00b2). Com base nessa \u00e1rea, calcula-se o n\u00famero de enxertos que precisar\u00e3o ser retirados da \u00e1rea doadora. Dependendo do tamanho da \u00e1rea circular, o n\u00famero de enxertos necess\u00e1rios pode variar entre 1.000 e 3.000. Para pessoas no est\u00e1gio Norwood 4 ou 5, 2000 enxertos na coroa geralmente ser\u00e3o suficientes.<\/p>\n\n<\/div>\n<\/div>\n<div id=\"faq-question-1757799996591\" class=\"rank-math-list-item\">\n<h3 class=\"rank-math-question \">Qual \u00e9 a idade ideal para um transplante capilar na coroa (\u00e1rea da coroa)?<\/h3>\n<div class=\"rank-math-answer \">\n\n<p>A velocidade da queda de cabelo e a idade da pessoa s\u00e3o fatores importantes no transplante da coroa (vertex). Fazer um transplante na coroa em uma idade muito jovem n\u00e3o \u00e9 muito sensato. Isso porque a probabilidade de a queda continuar nos anos seguintes \u00e9 alta, e pode n\u00e3o sobrar cabelo doador suficiente para a \u00e1rea da frente. Portanto, pessoas com 35-40 anos ou mais s\u00e3o os candidatos mais ideais para o transplante na coroa. Voc\u00ea deve ter expectativas realistas em rela\u00e7\u00e3o \u00e0 coroa, dependendo da capacidade da sua \u00e1rea doadora, da sua idade e da velocidade da queda.<\/p>\n\n<\/div>\n<\/div>\n<div id=\"faq-question-1757800068135\" class=\"rank-math-list-item\">\n<h3 class=\"rank-math-question \">\u00c9 necess\u00e1rio raspar os cabelos para o transplante na coroa?<\/h3>\n<div class=\"rank-math-answer \">\n\n<p>Se o transplante for realizado com a t\u00e9cnica de caneta (FUE implanter), n\u00e3o \u00e9 necess\u00e1rio raspar os cabelos da coroa. Na verdade, fazer o transplante sem raspar pode ser mais vantajoso. Porque fica mais f\u00e1cil fazer a implanta\u00e7\u00e3o em \u00e2ngulos paralelos aos cabelos naturais da pessoa dessa forma.<\/p>\n\n<\/div>\n<\/div>\n<div id=\"faq-question-1757800087225\" class=\"rank-math-list-item\">\n<h3 class=\"rank-math-question \">Se o transplante capilar for feito apenas na \u00e1rea da coroa, como deve ser a posi\u00e7\u00e3o para dormir?<\/h3>\n<div class=\"rank-math-answer \">\n\n<p>Neste caso, dormir de lado \u00e9 a solu\u00e7\u00e3o mais ideal. Dormir em uma posi\u00e7\u00e3o elevada com dois travesseiros pode evitar que os cabelos sejam danificados durante o sono.<\/p>\n\n<\/div>\n<\/div>\n<div id=\"faq-question-1757800108599\" class=\"rank-math-list-item\">\n<h3 class=\"rank-math-question \">Minha coroa est\u00e1 ficando falha. O que devo fazer?<\/h3>\n<div class=\"rank-math-answer \">\n\n<p>Nos casos de queda de cabelo na regi\u00e3o da coroa, se voc\u00ea for um bom candidato para o transplante capilar, sua probabilidade de obter um resultado bem-sucedido \u00e9 alta. Para isso, voc\u00ea precisar\u00e1 consultar um m\u00e9dico capilar ou dermatologista experiente. Al\u00e9m disso, tratamentos m\u00e9dicos como Finasterida, Minoxidil e PRP contribuir\u00e3o positivamente tanto para o problema da queda de cabelo quanto para o resultado do transplante ap\u00f3s a opera\u00e7\u00e3o. Mas n\u00e3o se esque\u00e7a: esse tipo de tratamento m\u00e9dico s\u00f3 \u00e9 eficaz enquanto est\u00e1 sendo usado. Quando voc\u00ea para a medica\u00e7\u00e3o, a situa\u00e7\u00e3o tende a voltar ao que era antes. Em casos de crescimento ralo devido \u00e0 falta de enxertos, a Micro Pigmenta\u00e7\u00e3o Capilar (SMP) pode ser considerada uma solu\u00e7\u00e3o alternativa para aumentar a densidade.<\/p>\n\n<\/div>\n<\/div>\n<div id=\"faq-question-1757800131849\" class=\"rank-math-list-item\">\n<h3 class=\"rank-math-question \">O transplante na coroa &#8220;pega&#8221;?<\/h3>\n<div class=\"rank-math-answer \">\n\n<p>A taxa de sucesso dos transplantes na coroa \u00e9 relativamente menor em compara\u00e7\u00e3o com a \u00e1rea da frente. Por exemplo, a taxa de sucesso dos cabelos na frente fica em torno de 85-90%. Na regi\u00e3o da coroa, essa taxa de sucesso pode ser em m\u00e9dia de around 70%. A raz\u00e3o mais b\u00e1sica para isso \u00e9 que a estrutura vascular na \u00e1rea do vertex \u00e9 menor em compara\u00e7\u00e3o com a frente. Portanto, como a nutri\u00e7\u00e3o \u00e9 relativamente menor, a taxa de sucesso tamb\u00e9m pode ser um pouco mais baixa.<br \/>Al\u00e9m disso, se o n\u00famero de enxertos implantados nesta \u00e1rea for baixo, ap\u00f3s 7-8 meses os pacientes podem ter a seguinte percep\u00e7\u00e3o: Eles acabam pensando &#8220;Os cabelos implantados na coroa n\u00e3o cresceram ou n\u00e3o pegaram&#8221;. No entanto, foi implantado um n\u00famero de enxertos menor do que o necess\u00e1rio na coroa. Depois de certo tempo, esquece-se que foram implantados poucos enxertos. Por isso, quem quer fazer um transplante na coroa tamb\u00e9m deve considerar a possibilidade de uma segunda sess\u00e3o.<\/p>\n\n<\/div>\n<\/div>\n<\/div>\n<\/div>\n\n\n<div class=\"wp-block-essential-blocks-row alignfull  root-eb-row-j476z\"><div class=\"eb-parent-wrapper eb-parent-eb-row-j476z \"><div class=\"eb-row-root-container eb-row-j476z\" data-id=\"eb-row-j476z\"><div class=\"eb-row-wrapper\"><div class=\"eb-row-inner\">\n<div class=\"wp-block-essential-blocks-column  root-eb-column-uui35\"><div class=\"eb-parent-wrapper eb-parent-eb-column-uui35 \"><div class=\"eb-column-wrapper eb-column-uui35\"><div class=\"eb-column-inner\">\n<p class=\"has-white-color has-text-color has-link-color has-large-font-size wp-elements-671827af0348196359257c1f2e7a416c\">Agende uma consulta com a cl\u00ednica AHD<\/p>\n\n\n\n<p class=\"has-white-color has-text-color has-link-color has-medium-font-size wp-elements-3a627be2757596bb5837e6d9edc32af5\">\u00c9 poss\u00edvel desenvolver solu\u00e7\u00f5es personalizadas na cl\u00ednica mais prestigiada da Turquia.<\/p>\n<\/div><\/div><\/div><\/div>\n\n\n\n<div class=\"wp-block-essential-blocks-column  root-eb-column-q95q2\"><div class=\"eb-parent-wrapper eb-parent-eb-column-q95q2 \"><div class=\"eb-column-wrapper eb-column-q95q2\"><div class=\"eb-column-inner\">\n<div class=\"wp-block-essential-blocks-button  root-eb-button-408vr\"><div class=\"eb-parent-wrapper eb-parent-eb-button-408vr \"><div class=\"eb-button-wrapper eb-button-alignment eb-button-408vr\"><div class=\"eb-button\"><div class=\"eb-button-inner-wrapper \"><a class=\"eb-button-anchor  \" href=\"http:\/\/hairtransplantationbeforeafter.com\/pt\/contato\/\" target=\"_blank\" rel=\"noopener\">Entre em Contato<\/a><\/div><\/div><\/div><\/div><\/div>\n<\/div><\/div><\/div><\/div>\n<\/div><\/div><\/div><\/div><\/div>\n\n\n\n<p>Se voc\u00ea est\u00e1 pensando em fazer um transplante capilar na Turquia, agende uma consulta gratuita com a cl\u00ednica AHD e obtenha informa\u00e7\u00f5es sobre nossos pre\u00e7os. Os resultados de antes e depois do transplante capilar da cl\u00ednica AHD dar\u00e3o a voc\u00ea uma ideia realista.<\/p>\n","protected":false},"excerpt":{"rendered":"<p>O transplante capilar na regi\u00e3o da coroa (ou topo da cabe\u00e7a) difere dos transplantes cl\u00e1ssicos devido a algumas caracter\u00edsticas, como [&hellip;]<\/p>\n","protected":false},"author":5,"featured_media":18047,"comment_status":"open","ping_status":"open","sticky":false,"template":"","format":"standard","meta":{"_acf_changed":false,"tpgb_global_settings":"","_eb_attr":"","_eb_data_table":"","site-sidebar-layout":"default","site-content-layout":"","ast-site-content-layout":"default","site-content-style":"default","site-sidebar-style":"default","ast-global-header-display":"","ast-banner-title-visibility":"","ast-main-header-display":"","ast-hfb-above-header-display":"","ast-hfb-below-header-display":"","ast-hfb-mobile-header-display":"","site-post-title":"","ast-breadcrumbs-content":"","ast-featured-img":"","footer-sml-layout":"","theme-transparent-header-meta":"","adv-header-id-meta":"","stick-header-meta":"","header-above-stick-meta":"","header-main-stick-meta":"","header-below-stick-meta":"","astra-migrate-meta-layouts":"default","ast-page-background-enabled":"default","ast-page-background-meta":{"desktop":{"background-color":"var(--ast-global-color-5)","background-image":"","background-repeat":"repeat","background-position":"center center","background-size":"auto","background-attachment":"scroll","background-type":"","background-media":"","overlay-type":"","overlay-color":"","overlay-opacity":"","overlay-gradient":""},"tablet":{"background-color":"","background-image":"","background-repeat":"repeat","background-position":"center center","background-size":"auto","background-attachment":"scroll","background-type":"","background-media":"","overlay-type":"","overlay-color":"","overlay-opacity":"","overlay-gradient":""},"mobile":{"background-color":"","background-image":"","background-repeat":"repeat","background-position":"center center","background-size":"auto","background-attachment":"scroll","background-type":"","background-media":"","overlay-type":"","overlay-color":"","overlay-opacity":"","overlay-gradient":""}},"ast-content-background-meta":{"desktop":{"background-color":"var(--ast-global-color-4)","background-image":"","background-repeat":"repeat","background-position":"center center","background-size":"auto","background-attachment":"scroll","background-type":"","background-media":"","overlay-type":"","overlay-color":"","overlay-opacity":"","overlay-gradient":""},"tablet":{"background-color":"var(--ast-global-color-4)","background-image":"","background-repeat":"repeat","background-position":"center center","background-size":"auto","background-attachment":"scroll","background-type":"","background-media":"","overlay-type":"","overlay-color":"","overlay-opacity":"","overlay-gradient":""},"mobile":{"background-color":"var(--ast-global-color-4)","background-image":"","background-repeat":"repeat","background-position":"center center","background-size":"auto","background-attachment":"scroll","background-type":"","background-media":"","overlay-type":"","overlay-color":"","overlay-opacity":"","overlay-gradient":""}},"footnotes":""},"categories":[92],"tags":[],"class_list":["post-17710","post","type-post","status-publish","format-standard","has-post-thumbnail","hentry","category-blog"],"acf":[],"tpgb_featured_images":{"full":["http:\/\/hairtransplantationbeforeafter.com\/wp-content\/uploads\/2025\/03\/transplante-capilar-coroa-da-cabeca.webp",750,395,false],"tp-image-grid":["http:\/\/hairtransplantationbeforeafter.com\/wp-content\/uploads\/2025\/03\/transplante-capilar-coroa-da-cabeca.webp",700,369,false],"thumbnail":["http:\/\/hairtransplantationbeforeafter.com\/wp-content\/uploads\/2025\/03\/transplante-capilar-coroa-da-cabeca-150x150.webp",150,150,true],"medium":["http:\/\/hairtransplantationbeforeafter.com\/wp-content\/uploads\/2025\/03\/transplante-capilar-coroa-da-cabeca-300x158.webp",300,158,true],"medium_large":["http:\/\/hairtransplantationbeforeafter.com\/wp-content\/uploads\/2025\/03\/transplante-capilar-coroa-da-cabeca.webp",750,395,false],"large":["http:\/\/hairtransplantationbeforeafter.com\/wp-content\/uploads\/2025\/03\/transplante-capilar-coroa-da-cabeca.webp",750,395,false],"default":"http:\/\/hairtransplantationbeforeafter.com\/wp-content\/plugins\/the-plus-addons-for-block-editor\/assets\/images\/tpgb-placeholder.jpg"},"tpgb_post_meta_info":{"get_date":"5 March 2025","get_modified_date":"26 November 2025","category_list":{"category":[{"term_id":92,"name":"Blog","slug":"blog","term_group":0,"term_taxonomy_id":92,"taxonomy":"category","description":"","parent":0,"count":21,"filter":"raw"}],"post_tag":false,"post_format":false},"author_name":"ekip","author_url":"http:\/\/hairtransplantationbeforeafter.com\/pt\/author\/ekip\/","author_email":"umutkara98@hotmail.com","author_website":"","author_description":"","author_facebook":"","author_twitter":"","author_instagram":"","author_role":["administrator"],"author_firstname":"","author_lastname":"","user_login":"ekip","author_avatar":"<img alt='' src='https:\/\/secure.gravatar.com\/avatar\/d5e450e4931981cc285a774f559357a85982f0cd3765bc492aa23c9e221c80bb?s=200&#038;d=mm&#038;r=g' srcset='https:\/\/secure.gravatar.com\/avatar\/d5e450e4931981cc285a774f559357a85982f0cd3765bc492aa23c9e221c80bb?s=400&#038;d=mm&#038;r=g 2x' class='avatar avatar-200 photo' height='200' width='200' loading='lazy' decoding='async'\/>","author_avatar_url":"https:\/\/secure.gravatar.com\/avatar\/d5e450e4931981cc285a774f559357a85982f0cd3765bc492aa23c9e221c80bb?s=96&d=mm&r=g","comment_count":0,"post_likes":0,"post_views":0},"tpgb_post_category":{"category":"<a href=\"http:\/\/hairtransplantationbeforeafter.com\/pt\/blog\/\" alt=\"Blog\" class=\"category-blog\">Blog<\/a> "},"_links":{"self":[{"href":"http:\/\/hairtransplantationbeforeafter.com\/pt\/wp-json\/wp\/v2\/posts\/17710","targetHints":{"allow":["GET"]}}],"collection":[{"href":"http:\/\/hairtransplantationbeforeafter.com\/pt\/wp-json\/wp\/v2\/posts"}],"about":[{"href":"http:\/\/hairtransplantationbeforeafter.com\/pt\/wp-json\/wp\/v2\/types\/post"}],"author":[{"embeddable":true,"href":"http:\/\/hairtransplantationbeforeafter.com\/pt\/wp-json\/wp\/v2\/users\/5"}],"replies":[{"embeddable":true,"href":"http:\/\/hairtransplantationbeforeafter.com\/pt\/wp-json\/wp\/v2\/comments?post=17710"}],"version-history":[{"count":1,"href":"http:\/\/hairtransplantationbeforeafter.com\/pt\/wp-json\/wp\/v2\/posts\/17710\/revisions"}],"predecessor-version":[{"id":27161,"href":"http:\/\/hairtransplantationbeforeafter.com\/pt\/wp-json\/wp\/v2\/posts\/17710\/revisions\/27161"}],"wp:featuredmedia":[{"embeddable":true,"href":"http:\/\/hairtransplantationbeforeafter.com\/pt\/wp-json\/wp\/v2\/media\/18047"}],"wp:attachment":[{"href":"http:\/\/hairtransplantationbeforeafter.com\/pt\/wp-json\/wp\/v2\/media?parent=17710"}],"wp:term":[{"taxonomy":"category","embeddable":true,"href":"http:\/\/hairtransplantationbeforeafter.com\/pt\/wp-json\/wp\/v2\/categories?post=17710"},{"taxonomy":"post_tag","embeddable":true,"href":"http:\/\/hairtransplantationbeforeafter.com\/pt\/wp-json\/wp\/v2\/tags?post=17710"}],"curies":[{"name":"wp","href":"https:\/\/api.w.org\/{rel}","templated":true}]}}